{"id":44342,"date":"2018-10-05T14:56:39","date_gmt":"2018-10-05T17:56:39","guid":{"rendered":"http:\/\/catolicanet.net\/wp-cnet\/?p=44342"},"modified":"2018-10-05T14:56:39","modified_gmt":"2018-10-05T17:56:39","slug":"o-voto-e-um-compromisso-com-a-verdade","status":"publish","type":"post","link":"https:\/\/catolicanet.net\/wp-cnet\/o-voto-e-um-compromisso-com-a-verdade\/","title":{"rendered":"O Voto \u00e9 um Compromisso com a Verdade"},"content":{"rendered":"<p style=\"text-align: justify;\">A m\u00e1quina eleitoreira est\u00e1 criando um n\u00f3 na cabe\u00e7a dos eleitores, principalmente os analfabetos. A classe pol\u00edtica criou 35 partidos e lan\u00e7ou, conforme dados do TSE, cerca de 28.216 candidatos, fatiando e leiloando os mandatos p\u00fablicos, \u00a0e, consequentemente, propiciando o cabide de emprego politico. Isso \u00e9 um absurdo frente \u00e0 na\u00e7\u00e3o brasileira e uma ofensa e esc\u00e2ndalo para a democracia.<\/p>\n<p style=\"text-align: justify;\">A popula\u00e7\u00e3o brasileira, mais que nunca \u00a0est\u00e1 bem informada, pela avalanche de noticias e troca de opini\u00f5es pelas redes midi\u00e1ticas. Mas infelizmente a grande massa est\u00e1 mal formada em termos de educa\u00e7\u00e3o e constru\u00e7\u00e3o da consci\u00eancia critica politica. Os detentores do poder, mal intencionados, agem como \u00a0predadores dessa massa desempregada e abandonada, que ficou jogada ao l\u00e9u, relegada \u00e0 mis\u00e9ria \u00a0e endividada. \u00a0Encurralaram \u00a0os eleitores na arena das falsas promessas, para serem sacrificados \u00a0vivos, sangrando aos poucos at\u00e9 a morte, e ainda e mesmo assim acreditando no messianismo id\u00f3latra desses poderosos,\u00a0 \u00a0que, mesmo sob as malhas da justi\u00e7a, respondendo a processos, s\u00e3o \u00a0capazes de enfeiti\u00e7ar os seus seguidores, mostrando toda a sua sede de poder e gan\u00e2ncia pelo dinheiro, e, usando de manobras il\u00edcitas e premia\u00e7\u00f5es de suborno, continuam por tempo indefinido no exerc\u00edcio de seus cargos p\u00fablicos.<\/p>\n<p style=\"text-align: justify;\">Vemos nesse cen\u00e1rio os candidatos e seus partidos fazendo alian\u00e7as \u201ctoma-l\u00e1-d\u00e1-c\u00e1\u201d, o fatiamento dos minist\u00e9rios e secretarias, os favorecimentos il\u00edcitos e a continuidade dessa situa\u00e7\u00e3o de corrup\u00e7\u00e3o<\/p>\n<p style=\"text-align: justify;\">A confus\u00e3o perpetrada pela\u00a0 ind\u00fastria dos marqueteiros pol\u00edticos visa a deixar o eleitor anestesiado e perdido, fazendo-o esgotar-se at\u00e9 o extremo e fazendo dele um cidad\u00e3o ap\u00e1tico e convencido \u00a0a desistir, pois, mal formado e totalmente desinformado desconhece o valor do seu voto livre e consciente. \u00a0Essa apatia \u00a0se traduz em seu comportamento como um sentimento de impot\u00eancia e fracasso. Esse jogo acirrado de mentiras e manipula\u00e7\u00f5es o leva ao fatalismo doentio: <em>acho que o Brasil n\u00e3o tem mais jeito, todos os pol\u00edticos s\u00e3o corruptos, sempre foi assim e \u00a0tudo terminar\u00e1 \u00a0em pizza.<\/em>.. e assim por diante.<\/p>\n<p style=\"text-align: justify;\">Essa postura de fatalismo \u00e9 irm\u00e3 da indiferen\u00e7a. Abandonando o idealismo do \u201cser \u00a0cidad\u00e3o brasileiro\u201d, o eleitor desiste de pensar e avaliar o seu direito sagrado que \u00e9 o seu voto livre e consciente. Indefeso torna-se ref\u00e9m,\u00a0 caindo nas garras dos ditadores e afogando-se \u00a0no lama\u00e7al da corrup\u00e7\u00e3o, um mundo de \u00a0desilus\u00e3o e de decep\u00e7\u00e3o.<\/p>\n<p style=\"text-align: justify;\">Mas agora n\u00f3s, os eleitores,\u00a0 podemos dar um basta a esse estado de coisas, procurando exercer com consci\u00eancia o sagrado direito de voto, banindo de uma vez por todas os maus candidatos. Agora \u00e9 a hora de dizer n\u00e3o\u00a0aos corruptos e \u00e0s suas quadrilhas partid\u00e1rias, manifestando nosso destemido voto de louvor \u00e0 \u00e9tica e \u00e0 moraliza\u00e7\u00e3o da pol\u00edtica. O Brasil precisa de n\u00f3s. Antes de votar lembre-se de orar: Pai Nosso, o Brasil e nosso! Pare e pense: <em>Ver\u00e1s que um filho teu n\u00e3o foge \u00e0 luta.<\/em><\/p>\n<p style=\"text-align: justify;\">Devemos neste momento hist\u00f3rico (e \u00fanico,\u00a0 oportunidade que n\u00e3o devemos perder) procurar nos imbuirmos de esp\u00edrito elevado e pensar grande. Buscar votar num l\u00edder que dever\u00e1 lutar pelo bem comum.<\/p>\n<p style=\"text-align: justify;\">E, para ajudar em nossas escolhas e fortalecer nossa convic\u00e7\u00e3o, vai aqui o pensamento desse nobre brasileiro, o nosso Rui Barbosa, ilustre pol\u00edtico, com justi\u00e7a apelidado \u201co \u00c1guia de Haia\u201d.<\/p>\n<p style=\"text-align: justify;\"><em>De tanto ver triunfar as nulidades<\/em><\/p>\n<p style=\"text-align: justify;\"><em>De tanto ver prosperar a desonra<\/em><\/p>\n<p style=\"text-align: justify;\"><em>De tanto ver crescer a injusti\u00e7a<\/em><\/p>\n<p style=\"text-align: justify;\"><em>De tanto ver agigantarem-se os poderes nas m\u00e3os dos maus<\/em><\/p>\n<p style=\"text-align: justify;\"><em>O homem chega a desanimar da virtude<\/em><\/p>\n<p style=\"text-align: justify;\"><em>A rir-se da honra<\/em><\/p>\n<p style=\"text-align: justify;\"><em>A ter vergonha de ser honesto.<\/em><\/p>\n<p style=\"text-align: justify;\">\n<h1 style=\"text-align: justify;\"><\/h1>\n<p style=\"text-align: justify;\">Pe. Luiz Roberto Teixeira Di Lascio<\/p>\n<p style=\"text-align: justify;\">Paroquia Nossa Senhora do Ros\u00e1rio de Pompeia<\/p>\n<p style=\"text-align: justify;\">Arquidiocese de Campina\u2013SP<\/p>\n<p style=\"text-align: justify;\">E mail: <a href=\"mailto:lros@uol.com.br\">lros@uol.com.br<\/a> \u2013 Cel. (19) 9. 9704-7070.<\/p>\n","protected":false},"excerpt":{"rendered":"<p>A m\u00e1quina eleitoreira est\u00e1 criando um n\u00f3 na cabe\u00e7a dos eleitores, principalmente os analfabetos. A classe pol\u00edtica criou 35 partidos e lan\u00e7ou, conforme dados do TSE, cerca de 28.216 candidatos, fatiando e leiloando os mandatos p\u00fablicos, \u00a0e, consequentemente, propiciando o cabide de emprego politico. Isso \u00e9 um absurdo frente \u00e0 na\u00e7\u00e3o brasileira e uma ofensa [&hellip;]<\/p>\n","protected":false},"author":1,"featured_media":44343,"comment_status":"open","ping_status":"closed","sticky":false,"template":"","format":"standard","meta":{"footnotes":""},"categories":[9],"tags":[],"class_list":["post-44342","post","type-post","status-publish","format-standard","has-post-thumbnail","hentry","category-artigos"],"_links":{"self":[{"href":"https:\/\/catolicanet.net\/wp-cnet\/wp-json\/wp\/v2\/posts\/44342","targetHints":{"allow":["GET"]}}],"collection":[{"href":"https:\/\/catolicanet.net\/wp-cnet\/wp-json\/wp\/v2\/posts"}],"about":[{"href":"https:\/\/catolicanet.net\/wp-cnet\/wp-json\/wp\/v2\/types\/post"}],"author":[{"embeddable":true,"href":"https:\/\/catolicanet.net\/wp-cnet\/wp-json\/wp\/v2\/users\/1"}],"replies":[{"embeddable":true,"href":"https:\/\/catolicanet.net\/wp-cnet\/wp-json\/wp\/v2\/comments?post=44342"}],"version-history":[{"count":1,"href":"https:\/\/catolicanet.net\/wp-cnet\/wp-json\/wp\/v2\/posts\/44342\/revisions"}],"predecessor-version":[{"id":44344,"href":"https:\/\/catolicanet.net\/wp-cnet\/wp-json\/wp\/v2\/posts\/44342\/revisions\/44344"}],"wp:featuredmedia":[{"embeddable":true,"href":"https:\/\/catolicanet.net\/wp-cnet\/wp-json\/wp\/v2\/media\/44343"}],"wp:attachment":[{"href":"https:\/\/catolicanet.net\/wp-cnet\/wp-json\/wp\/v2\/media?parent=44342"}],"wp:term":[{"taxonomy":"category","embeddable":true,"href":"https:\/\/catolicanet.net\/wp-cnet\/wp-json\/wp\/v2\/categories?post=44342"},{"taxonomy":"post_tag","embeddable":true,"href":"https:\/\/catolicanet.net\/wp-cnet\/wp-json\/wp\/v2\/tags?post=44342"}],"curies":[{"name":"wp","href":"https:\/\/api.w.org\/{rel}","templated":true}]}}