{"id":4434,"date":"2014-03-28T13:52:39","date_gmt":"2014-03-28T16:52:39","guid":{"rendered":"http:\/\/catolicanet.net\/wp-cnet\/igreja-expressa-preocupacao-pela-situacao-dos-armenios-na-siria\/"},"modified":"2017-04-05T09:59:41","modified_gmt":"2017-04-05T12:59:41","slug":"igreja-expressa-preocupacao-pela-situacao-dos-armenios-na-siria","status":"publish","type":"post","link":"https:\/\/catolicanet.net\/wp-cnet\/igreja-expressa-preocupacao-pela-situacao-dos-armenios-na-siria\/","title":{"rendered":"Igreja expressa preocupa\u00e7\u00e3o pela situa\u00e7\u00e3o dos arm\u00eanios na S\u00edria"},"content":{"rendered":"<p style=\"text-align: justify;\">O N\u00fancio Apost\u00f3lico em Belarus, Dom Claudio Cugerotti, com uma carta dirigida \u00e0 Sua Beatitude Nerses Bedros XIX, expressou a sua \u201cprofunda preocupa\u00e7\u00e3o\u201d pela dram\u00e1tica situa\u00e7\u00e3o dos arm\u00eanios de Kessab (cidade s\u00edria na fronteira com a Turquia), que h\u00e1 uma semana, devido a um ataque de tropas paramilitares turcas, tiveram que abandonar imediatamente a sua cidade e se refugiar na cidade vizinha de Latakie. Dom Cugerotti tamb\u00e9m expressou toda a sua \u201cproximidade crist\u00e3 e humana, bem como a sua ora\u00e7\u00e3o a Deus, para que poupe aos arm\u00eanios novos sofrimentos, detenha a m\u00e3o dos agressores e eles convertam o cora\u00e7\u00e3o\u201d.<\/p>\n<p>Nos \u00faltimos dias todas as institui\u00e7\u00f5es arm\u00eanias, pol\u00edticas, religiosas e civis, se mobilizaram para que a agress\u00e3o contra a popula\u00e7\u00e3o arm\u00eania de Kessab n\u00e3o fique no sil\u00eancio. O governo arm\u00eanio, as institui\u00e7\u00f5es religiosas e a sociedade civil pedem com for\u00e7a a interven\u00e7\u00e3o das institui\u00e7\u00f5es internacionais para acabar com as viol\u00eancias, de modo que seja permitido \u00e0s fam\u00edlias arm\u00eanias (aproximadamente 1.500 pessoas) retornar \u00e0s suas casas. Os refugiados, de fato, temem que o avan\u00e7o dos grupos paramilitares n\u00e3o pare em Kessab e possa chegar a Latakie.<\/p>\n<p style=\"text-align: justify;\">\u00a0<\/p>\n<p style=\"text-align: justify;\"><strong>Local: Kessab <br \/>Fonte: R\u00e1dio Vaticano<\/strong><\/p>\n","protected":false},"excerpt":{"rendered":"<p>O N\u00fancio Apost\u00f3lico em Belarus, Dom Claudio Cugerotti, com uma carta dirigida \u00e0 Sua Beatitude Nerses Bedros XIX, expressou a sua \u201cprofunda preocupa\u00e7\u00e3o\u201d pela dram\u00e1tica situa\u00e7\u00e3o dos arm\u00eanios de Kessab (cidade s\u00edria na fronteira com a Turquia), que h\u00e1 uma semana, devido a um ataque de tropas paramilitares turcas, tiveram que abandonar imediatamente a sua [&hellip;]<\/p>\n","protected":false},"author":1,"featured_media":0,"comment_status":"closed","ping_status":"closed","sticky":false,"template":"","format":"standard","meta":{"footnotes":""},"categories":[3],"tags":[],"class_list":["post-4434","post","type-post","status-publish","format-standard","hentry","category-vaticano"],"_links":{"self":[{"href":"https:\/\/catolicanet.net\/wp-cnet\/wp-json\/wp\/v2\/posts\/4434","targetHints":{"allow":["GET"]}}],"collection":[{"href":"https:\/\/catolicanet.net\/wp-cnet\/wp-json\/wp\/v2\/posts"}],"about":[{"href":"https:\/\/catolicanet.net\/wp-cnet\/wp-json\/wp\/v2\/types\/post"}],"author":[{"embeddable":true,"href":"https:\/\/catolicanet.net\/wp-cnet\/wp-json\/wp\/v2\/users\/1"}],"replies":[{"embeddable":true,"href":"https:\/\/catolicanet.net\/wp-cnet\/wp-json\/wp\/v2\/comments?post=4434"}],"version-history":[{"count":1,"href":"https:\/\/catolicanet.net\/wp-cnet\/wp-json\/wp\/v2\/posts\/4434\/revisions"}],"predecessor-version":[{"id":9332,"href":"https:\/\/catolicanet.net\/wp-cnet\/wp-json\/wp\/v2\/posts\/4434\/revisions\/9332"}],"wp:attachment":[{"href":"https:\/\/catolicanet.net\/wp-cnet\/wp-json\/wp\/v2\/media?parent=4434"}],"wp:term":[{"taxonomy":"category","embeddable":true,"href":"https:\/\/catolicanet.net\/wp-cnet\/wp-json\/wp\/v2\/categories?post=4434"},{"taxonomy":"post_tag","embeddable":true,"href":"https:\/\/catolicanet.net\/wp-cnet\/wp-json\/wp\/v2\/tags?post=4434"}],"curies":[{"name":"wp","href":"https:\/\/api.w.org\/{rel}","templated":true}]}}