{"id":44339,"date":"2018-10-05T14:33:19","date_gmt":"2018-10-05T17:33:19","guid":{"rendered":"http:\/\/catolicanet.net\/wp-cnet\/?p=44339"},"modified":"2018-10-05T14:33:19","modified_gmt":"2018-10-05T17:33:19","slug":"crer-em-deus","status":"publish","type":"post","link":"https:\/\/catolicanet.net\/wp-cnet\/crer-em-deus\/","title":{"rendered":"Crer em Deus"},"content":{"rendered":"<p style=\"text-align: justify;\">Deus \u00e9 o pr\u00f3prio Ser subsistente por si mesmo, o qual, como falou S\u00e3o Paulo no Are\u00f3pago de Atenas, \u201ccriou o Universo e tudo que nele se encontra\u201d (Atos 17,24). Todas as criaturas s\u00e3o seres contingentes, ou seja, existem, mas poderiam n\u00e3o existir. Dotado de intelig\u00eancia o ser humano acredita que Deus existe atrav\u00e9s da f\u00e9. Segundo o Catecismo da Igreja, \u201ca f\u00e9 \u00e9 uma ades\u00e3o pessoal do homem inteiro a Deus, que se revela. Ela inclui uma ades\u00e3o da intelig\u00eancia e da vontade \u00e0 revela\u00e7\u00e3o que Deus fez de si mesmo por suas a\u00e7\u00f5es e palavras\u201d (173). Pela Filosofia o homem tamb\u00e9m pode chegar a professar a exist\u00eancia de Deus, como, por exemplo, atrav\u00e9s das cinco vias expostas por Tom\u00e1s de Aquino. \u00c9 necess\u00e1rio estar sempre de acordo com Deus, podendo repetir com Davi: \u201cTodos os dias haverei de bendizer-vos, hei de louvar o vosso nome para sempre\u201d (Sl 144,1). Davi oferece a raz\u00e3o desta atitude: \u201cGrande \u00e9 o Senhor e muito digno de louvores e ningu\u00e9m pode medir sua grandeza\u201d (Idem, ibidem). O Profeta Am\u00f3s assim cantou este poder divino: \u201cEi-lo o que forma o trov\u00e3o e cria o vento, que derrama torrentes de \u00e1gua sobre os campos, que caminha sobre as alturas da terra; Senhor, Deus dos ex\u00e9rcitos, \u00e9 o seu nome\u201d (Am\u00f3s, 4,13). Deus oferece aos homens um tesouro que \u00e9 o universo. Uma pobre ci\u00eancia humana faz tudo para afastar Deus e fil\u00f3sofos ateus em v\u00e3o tentaram e tentam negar sua exist\u00eancia, mas, como dizia Pascal, Ele \u201cse oculta e se deixa ver\u201d. Isto porque como diz a B\u00edblia: \u201cNarram os c\u00e9us a gl\u00f3ria de Deus e o firmamento apregoa as obras de suas m\u00e3os\u201d (Sl 19 2). Eis porque os que creem procuram uni\u00e3o com Ele, como o s\u00e1bio Pe. Sertillanges que assim se expressou: \u201cUno-me espiritualmente a Ele e procuro a coincid\u00eancia de meu esp\u00edrito com Seu esp\u00edrito, de meu querer com Seu querer, de meu repouso beat\u00edfico com Seu eterno e beat\u00edfico repouso\u201d. D\u00e1 o motivo pelo qual se deve assim proceder: \u201cRepresent\u00e1-lo como \u00e9, acima de toda a medida e de toda compara\u00e7\u00e3o, t\u00e3o \u00edntimo quanto imenso, eis a verdadeira humildade. eis a sabedoria\u201d. Disso resulta poder captar sempre os sinais divinos quer na alegria, quer na tristeza, pois Ele est\u00e1 sempre a cobrir o ser humano com sua m\u00e3o paternal e tem poder para transformar o mal em bem. Acontecimentos exteriores s\u00e3o meios eventuais de advert\u00eancias divinas das quais se devem tirar li\u00e7\u00f5es preciosas. Muito bem se expressou J\u00f3: \u201cSe recebemos de Deus as coisas boas, porque n\u00e3o vamos aceitar tamb\u00e9m as prova\u00e7\u00f5es?\u201d (Jo 2,10).\u00a0 Isto numa imperturb\u00e1vel aceita\u00e7\u00e3o, com a mesma serenidade, quer nos momentos de regozijo, quer nos instantes das dores, demonstrando o crist\u00e3o um apego confiante nele e pleno despego de si mesmo. Como explicou S\u00e3o Paulo, \u201csabemos que todas as coisas contribuem juntamente para o bem daqueles que amam a Deus que s\u00e3o chamados segundo o seu prop\u00f3sito (Rm 8, 22). Deus sabe o que faz e nem sempre o ser humano tem capacidade de interpretar os acontecimentos. Assim, por exemplo, Jos\u00e9 que foi vendido por seus irm\u00e3os como escravo, depois se tornou governante do Egito para salvar n\u00e3o somente seus irm\u00e3os que agiram t\u00e3o perversamente, mas ainda toda a casa de Israel da destrui\u00e7\u00e3o. a ousadia humana muitas vezes pretende trazer Deus a seu tribunal e tal atitude em face do Infinito \u00e9 de uma infantilidade lament\u00e1vel, para n\u00e3o se dizer de uma estupidez sem limites. Cumpre sempre confiar na Provid\u00eancia divina e jamais deixar aflorar queixas pueris. Para evitar tais dispares a solu\u00e7\u00e3o \u00e9 saber escutar o Esp\u00edrito Santo, evitando a loucura de julgar Deus. O Ap\u00f3stolo Paulo escreveu: \u201cQuem poder\u00e1 separar-nos do amor de Cristo? A tribula\u00e7\u00e3o, a ang\u00fastia, a persegui\u00e7\u00e3o, a fome, a nudez, o perigo ou a espada? [&#8230;] Mas em todas essas coisas somos n\u00f3s mais que vencedores gra\u00e7as \u00e0quele que nos amou\u201d (Rm 815-38). Deus \u00e9 fiel, justo e s\u00e1bio e \u00e9 preciso viver do sopro de seu Esp\u00edrito, meditando sobre a obra de suas m\u00e3os para poder avan\u00e7ar livre e confiante rumo \u00e0 eternidade. L\u00e1, como est\u00e1 no Livro do Apocalipse, \u201cDeus limpar\u00e1 de seus olhos toda a l\u00e1grima; e n\u00e3o haver\u00e1 mais morte, nem pranto, nem clamor, nem dor, porque j\u00e1 as primeiras coisas s\u00e3o passadas\u201d (Ap 12,4).<\/p>\n","protected":false},"excerpt":{"rendered":"<p>Deus \u00e9 o pr\u00f3prio Ser subsistente por si mesmo, o qual, como falou S\u00e3o Paulo no Are\u00f3pago de Atenas, \u201ccriou o Universo e tudo que nele se encontra\u201d (Atos 17,24). Todas as criaturas s\u00e3o seres contingentes, ou seja, existem, mas poderiam n\u00e3o existir. Dotado de intelig\u00eancia o ser humano acredita que Deus existe atrav\u00e9s da [&hellip;]<\/p>\n","protected":false},"author":7,"featured_media":32782,"comment_status":"open","ping_status":"closed","sticky":false,"template":"","format":"standard","meta":{"footnotes":""},"categories":[9],"tags":[],"class_list":["post-44339","post","type-post","status-publish","format-standard","has-post-thumbnail","hentry","category-artigos"],"_links":{"self":[{"href":"https:\/\/catolicanet.net\/wp-cnet\/wp-json\/wp\/v2\/posts\/44339","targetHints":{"allow":["GET"]}}],"collection":[{"href":"https:\/\/catolicanet.net\/wp-cnet\/wp-json\/wp\/v2\/posts"}],"about":[{"href":"https:\/\/catolicanet.net\/wp-cnet\/wp-json\/wp\/v2\/types\/post"}],"author":[{"embeddable":true,"href":"https:\/\/catolicanet.net\/wp-cnet\/wp-json\/wp\/v2\/users\/7"}],"replies":[{"embeddable":true,"href":"https:\/\/catolicanet.net\/wp-cnet\/wp-json\/wp\/v2\/comments?post=44339"}],"version-history":[{"count":1,"href":"https:\/\/catolicanet.net\/wp-cnet\/wp-json\/wp\/v2\/posts\/44339\/revisions"}],"predecessor-version":[{"id":44340,"href":"https:\/\/catolicanet.net\/wp-cnet\/wp-json\/wp\/v2\/posts\/44339\/revisions\/44340"}],"wp:featuredmedia":[{"embeddable":true,"href":"https:\/\/catolicanet.net\/wp-cnet\/wp-json\/wp\/v2\/media\/32782"}],"wp:attachment":[{"href":"https:\/\/catolicanet.net\/wp-cnet\/wp-json\/wp\/v2\/media?parent=44339"}],"wp:term":[{"taxonomy":"category","embeddable":true,"href":"https:\/\/catolicanet.net\/wp-cnet\/wp-json\/wp\/v2\/categories?post=44339"},{"taxonomy":"post_tag","embeddable":true,"href":"https:\/\/catolicanet.net\/wp-cnet\/wp-json\/wp\/v2\/tags?post=44339"}],"curies":[{"name":"wp","href":"https:\/\/api.w.org\/{rel}","templated":true}]}}