{"id":44300,"date":"2018-10-03T09:57:45","date_gmt":"2018-10-03T12:57:45","guid":{"rendered":"http:\/\/catolicanet.net\/wp-cnet\/?p=44300"},"modified":"2018-10-03T09:57:45","modified_gmt":"2018-10-03T12:57:45","slug":"mistica-e-politica","status":"publish","type":"post","link":"https:\/\/catolicanet.net\/wp-cnet\/mistica-e-politica\/","title":{"rendered":"M\u00edstica e Pol\u00edtica"},"content":{"rendered":"<p style=\"text-align: justify;\">No m\u00eas em que ser\u00e3o definidos e apresentados oficialmente, os candidatos aos cargos executivos e legislativos, em tempos de acentuada crise pol\u00edtica e \u00e9tica, evidenciada pelas in\u00fameras den\u00fancias de corrup\u00e7\u00e3o, urge resgatar o conceito de m\u00edstica aqui aplicado \u00e0 pol\u00edtica, \u00e0 participa\u00e7\u00e3o cidad\u00e3 e ao comprometimento respons\u00e1vel, em vista da transforma\u00e7\u00e3o social que passa, necessariamente, pela convers\u00e3o pessoal.<\/p>\n<p style=\"text-align: justify;\">A m\u00edstica, na \u00f3tica latino-americana, \u00e9 a integra\u00e7\u00e3o da experi\u00eancia religiosa e solidariedade concreta. A m\u00edstica crist\u00e3 n\u00e3o \u00e9 uma forma de\u00a0<em style=\"font-weight: inherit;\">contempla\u00e7\u00e3o desinteressada da verdade<\/em>, mas, sobretudo, participa\u00e7\u00e3o e comprometimento. Neste ponto emerge o tema da\u00a0<em style=\"font-weight: inherit;\">rela\u00e7\u00e3o m\u00edstica e pol\u00edtica\u00a0<\/em>que, no horizonte da f\u00e9 crist\u00e3, pode ser denominada \u201csantidade pol\u00edtica\u201d (cf. Dom Pedro Casald\u00e1liga), ou seja, a pol\u00edtica como caminho de santidade, considerando que a pol\u00edtica \u201c\u00e9 uma das express\u00f5es mais altas da caridade\u201d (Papa Paulo VI) e meio para a justi\u00e7a social e o bem comum.<\/p>\n<p style=\"text-align: justify;\">A santidade pol\u00edtica \u00e9 uma relevante dimens\u00e3o da m\u00edstica transformadora. \u00c9 a mesma santidade de sempre, por\u00e9m alargada. N\u00e3o se trata de contraposi\u00e7\u00e3o, mas de integra\u00e7\u00e3o. N\u00e3o desconsidera o \u00e2mbito pessoal da convers\u00e3o, mas se abre e assume as \u201cgrandes causas\u201d do Reino de Deus e as virtudes suscitadas pelo Esp\u00edrito Criador dentro e fora da Igreja. \u00c9 uma santidade que sai de si e busca os irm\u00e3os, \u00e9 \u201cextra-muros\u201d, ou seja, inserida consciente e criticamente, no mundo, principalmente no lugar social dos vulnerados e necessitados. \u00c9 a santidade das grandes causas: justi\u00e7a, paz, novas estruturas, vida com qualidade e dignidade. Em s\u00edntese, trata-se de viver e lutar pelas causas de Jesus, exercendo a \u201cdiakonia pol\u00edtica\u201d, somando for\u00e7as com todos aqueles e aquelas que lutam pelas mesmas causas maiores, no horizonte do macroecumenismo e da macrossolidariedade (cf. Casald\u00e1liga). \u00c9 um ato profundamente crist\u00e3o, contribuir para colocar o mundo dos pobres na agenda pol\u00edtica, na ordem do dia, como resultado da incid\u00eancia da f\u00e9 crist\u00e3 no \u00e2mbito pol\u00edtico-social.<\/p>\n<p style=\"text-align: justify;\">O cen\u00e1rio pol\u00edtico atual n\u00e3o pode gerar em n\u00f3s sentimentos de resigna\u00e7\u00e3o, desesperan\u00e7a e conformismo. Antes, pode ser ocasi\u00e3o de mobiliza\u00e7\u00e3o de energias para, sinergeticamente, buscar solu\u00e7\u00f5es e colocar a \u00e9tica na pol\u00edtica, na agenda do dia e na consci\u00eancia de todos e de todas. Por isso, vamos exercitar o direito ao voto com responsabilidade e esperan\u00e7a. \u00c9 a nossa participa\u00e7\u00e3o pol\u00edtica que far\u00e1 surgir a nova sociedade. A motiva\u00e7\u00e3o para a atitude consciente e cidad\u00e3 emerge do Evangelho de Cristo, da espiritualidade (m\u00edstica) crist\u00e3 e das palavras do Papa Bento XVI, em sua Enc\u00edclica\u00a0<em style=\"font-weight: inherit;\">Deus caritas est<\/em>: \u201cA Igreja n\u00e3o pode nem deve tomar nas suas pr\u00f3prias m\u00e3os a batalha pol\u00edtica para realizar a sociedade mais justa poss\u00edvel. N\u00e3o pode nem deve colocar-se no lugar do Estado. Mas tamb\u00e9m n\u00e3o pode nem deve ficar \u00e0 margem na luta pela justi\u00e7a. Deve inserir-se nela pela via da argumenta\u00e7\u00e3o racional e deve despertar as for\u00e7as espirituais, sem as quais a justi\u00e7a, que sempre requer ren\u00fancias tamb\u00e9m, n\u00e3o poder\u00e1 afirmar-se nem prosperar. A sociedade justa n\u00e3o pode ser obra da Igreja: deve ser realizada pela pol\u00edtica. Mas toca \u00e0 Igreja, e profundamente, o empenhar-se pela justi\u00e7a, trabalhando para a abertura da intelig\u00eancia e da vontade \u00e0s exig\u00eancias do bem\u201d.<\/p>\n<p style=\"text-align: justify;\">Na celebra\u00e7\u00e3o do meu primeiro ano de Ordena\u00e7\u00e3o Episcopal e Apresenta\u00e7\u00e3o na Arquidiocese de Niter\u00f3i (05\/08\/2017), quero agradecer vivamente a todos e todas que me acolheram com tanto carinho, amor, alegria e solicitude. Muito obrigado aos irm\u00e3os, no episcopado Dom Jos\u00e9 Francisco e Dom Alano, aos nossos Padres, Di\u00e1conos, Seminaristas, leigos e leigas, povo de Deus, Igreja viva e alegre. Sinto-me muito bem entre voc\u00eas. Pe\u00e7o ao Bom Deus que me chamou, a Gra\u00e7a de n\u00e3o faltar em mim a solicitude para com as ovelhas. Gratid\u00e3o a todos e todas, por tudo e por tanto. O Amor de Cristo e a Cristo nos uniu. Rezem por mim! Com estima, gratid\u00e3o, ora\u00e7\u00f5es e b\u00ean\u00e7\u00e3o!<\/p>\n<p style=\"text-align: justify;\"><strong style=\"font-style: inherit;\">+ Dom Luiz Antonio Lopes Ricci<\/strong><strong><br \/>\n<\/strong><em style=\"font-weight: inherit;\">Bispo Auxiliar\u00a0 de Niter\u00f3i<\/em><\/p>\n","protected":false},"excerpt":{"rendered":"<p>No m\u00eas em que ser\u00e3o definidos e apresentados oficialmente, os candidatos aos cargos executivos e legislativos, em tempos de acentuada crise pol\u00edtica e \u00e9tica, evidenciada pelas in\u00fameras den\u00fancias de corrup\u00e7\u00e3o, urge resgatar o conceito de m\u00edstica aqui aplicado \u00e0 pol\u00edtica, \u00e0 participa\u00e7\u00e3o cidad\u00e3 e ao comprometimento respons\u00e1vel, em vista da transforma\u00e7\u00e3o social que passa, necessariamente, [&hellip;]<\/p>\n","protected":false},"author":1,"featured_media":44301,"comment_status":"open","ping_status":"closed","sticky":false,"template":"","format":"standard","meta":{"footnotes":""},"categories":[9],"tags":[],"class_list":["post-44300","post","type-post","status-publish","format-standard","has-post-thumbnail","hentry","category-artigos"],"_links":{"self":[{"href":"https:\/\/catolicanet.net\/wp-cnet\/wp-json\/wp\/v2\/posts\/44300","targetHints":{"allow":["GET"]}}],"collection":[{"href":"https:\/\/catolicanet.net\/wp-cnet\/wp-json\/wp\/v2\/posts"}],"about":[{"href":"https:\/\/catolicanet.net\/wp-cnet\/wp-json\/wp\/v2\/types\/post"}],"author":[{"embeddable":true,"href":"https:\/\/catolicanet.net\/wp-cnet\/wp-json\/wp\/v2\/users\/1"}],"replies":[{"embeddable":true,"href":"https:\/\/catolicanet.net\/wp-cnet\/wp-json\/wp\/v2\/comments?post=44300"}],"version-history":[{"count":1,"href":"https:\/\/catolicanet.net\/wp-cnet\/wp-json\/wp\/v2\/posts\/44300\/revisions"}],"predecessor-version":[{"id":44302,"href":"https:\/\/catolicanet.net\/wp-cnet\/wp-json\/wp\/v2\/posts\/44300\/revisions\/44302"}],"wp:featuredmedia":[{"embeddable":true,"href":"https:\/\/catolicanet.net\/wp-cnet\/wp-json\/wp\/v2\/media\/44301"}],"wp:attachment":[{"href":"https:\/\/catolicanet.net\/wp-cnet\/wp-json\/wp\/v2\/media?parent=44300"}],"wp:term":[{"taxonomy":"category","embeddable":true,"href":"https:\/\/catolicanet.net\/wp-cnet\/wp-json\/wp\/v2\/categories?post=44300"},{"taxonomy":"post_tag","embeddable":true,"href":"https:\/\/catolicanet.net\/wp-cnet\/wp-json\/wp\/v2\/tags?post=44300"}],"curies":[{"name":"wp","href":"https:\/\/api.w.org\/{rel}","templated":true}]}}