{"id":44297,"date":"2018-10-03T09:52:39","date_gmt":"2018-10-03T12:52:39","guid":{"rendered":"http:\/\/catolicanet.net\/wp-cnet\/?p=44297"},"modified":"2018-10-03T09:52:39","modified_gmt":"2018-10-03T12:52:39","slug":"com-os-jovens-e-pelos-jovens","status":"publish","type":"post","link":"https:\/\/catolicanet.net\/wp-cnet\/com-os-jovens-e-pelos-jovens\/","title":{"rendered":"Com os jovens e pelos jovens"},"content":{"rendered":"<p style=\"margin: 0cm 0cm 0.0001pt; text-align: justify;\" align=\"right\"><b><i><span style=\"color: black;\">*Por Thulio Fonseca<\/span><\/i><\/b><\/p>\n<p style=\"text-align: justify;\">Muitos falam sobre a juventude; uns dizem que \u00e9 uma fase transit\u00f3ria, outros que os jovens s\u00e3o os respons\u00e1veis pelo futuro, projetando neles um mundo que ainda nem existe, ou, ainda, julgam que s\u00e3o descompromissados e precisam amadurecer muito. Isso pode at\u00e9 ser real em algumas situa\u00e7\u00f5es, pois o jovem de hoje, com certeza, ser\u00e1 o adulto de amanh\u00e3, por\u00e9m, se pararmos para pensar, o que temos de mais concreto \u00e9 que jovens s\u00e3o o presente, s\u00e3o o que temos de mais atual, s\u00e3o os protagonistas do tempo que est\u00e1 cada vez mais acelerado e conectado, e isso se torna cada vez mais evidente.<\/p>\n<p style=\"text-align: justify;\">A mais antiga Institui\u00e7\u00e3o do mundo, Igreja Cat\u00f3lica, com cerca de dois mil anos de exist\u00eancia, percebeu que era necess\u00e1rio compreender a juventude, e se aprofundar neste tema sem receios. Direcionada pelo papa Francisco, convocou um s\u00ednodo, momento profundo de reuni\u00e3o e di\u00e1logo sobre um tema espec\u00edfico, para este m\u00eas de outubro. Bispos do mundo inteiro se reunir\u00e3o em Roma para falar exclusivamente sobre: <em>Os Jovens, a f\u00e9 e o discernimento vocacional<\/em>.<\/p>\n<p style=\"text-align: justify;\">O pr\u00f3prio papa disse: <em>\u201cOs jovens devem ser levados a s\u00e9rio! Parece-me que estamos envolvidos por uma cultura que, se por um lado idolatra a juventude procurando nunca a fazer passar, por outro impede que muitos jovens sejam protagonistas. [&#8230;] O S\u00ednodo ser\u00e1 tamb\u00e9m um apelo dirigido \u00e0 Igreja, para que redescubra um renovado dinamismo juvenil. [&#8230;] N\u00f3s precisamos de jovens profetas.\u201d<\/em> Percebemos que sua voz de Pastor ressalta uma vis\u00e3o ampla de um trabalho que a Igreja se disp\u00f4s a fazer nestes \u00faltimos tempos: ouvir os jovens e acreditar neles.<\/p>\n<p style=\"text-align: justify;\">Eu fui convidado a estar num destes momentos t\u00e3o importantes e hist\u00f3ricos nesse trajeto que a Igreja v\u00eam fazendo. Em mar\u00e7o, deste ano, estive na reuni\u00e3o pr\u00e9-sinodal em Roma, onde cerca de 300 jovens de todo o mundo, de diversas religi\u00f5es e culturas, se reuniram para dizer de como gostariam de ser vistos pela Igreja.<\/p>\n<p style=\"text-align: justify;\">Nos ofereceram durante uma semana inteira um ambiente muito favor\u00e1vel, onde pudemos dizer dos nossos anseios, medos, sonhos e ideais de um mundo melhor. Todas as vezes que me recordo dessa experi\u00eancia, sinto, primeiramente, um acolhimento muito grande por parte da Santa S\u00e9. Ali compreendi o quanto somos vistos e amados pela Igreja, que, de fato, se importa com a juventude, gasta tempo com os jovens e percebe neles uma oportunidade de di\u00e1logo e crescimento. Ali pudemos dizer tudo o que estava em nossos cora\u00e7\u00f5es; ser jovens, tanto na hora de falar s\u00e9rio sobre nossas preocupa\u00e7\u00f5es, quanto na hora de dan\u00e7ar e fazer festa. Ali eu compreendi: a Igreja \u00e9 jovem, h\u00e1 jovens na Igreja, h\u00e1 vida, h\u00e1 esperan\u00e7a para a juventude.<\/p>\n<p style=\"text-align: justify;\">E, partindo dessa experi\u00eancia, destaco pontos muito importantes: o primeiro deles \u00e9 o acolhimento \u00e0 juventude, pois desejamos ser acolhidos como jovens. Queremos contribuir para um mundo melhor, e ser\u00e1 nele que viveremos por longos anos. Destaco tamb\u00e9m a f\u00e9, e, neste ponto, \u00e9 muito importante compreendermos que a juventude de hoje carece de uma aten\u00e7\u00e3o espec\u00edfica, pois precisa at\u00e9 mesmo de catequese, de uma compreens\u00e3o verdadeira sobre Deus e seu Amor por n\u00f3s. N\u00e3o tenha medo de ajudar um jovem a se aprofundar na f\u00e9. Fa\u00e7a isso de forma criativa e generosa, pois o cora\u00e7\u00e3o do jovem \u00e9 sedento por conhecimento, \u00e9 um terreno f\u00e9rtil para que o Evangelho se torne vida.<\/p>\n<p style=\"text-align: justify;\">Ressalto o tema voca\u00e7\u00e3o, que \u00e9 um tabu para muitos, pois acham que o assunto diz respeito somente a quem quer ser padre ou freira, e acabam se esquecendo que todos temos uma bela voca\u00e7\u00e3o a realizar neste mundo, uma voca\u00e7\u00e3o que foi dada por Deus e cabe a cada um viv\u00ea-la com alegria.<\/p>\n<p style=\"text-align: justify;\">Posso dizer que os sorrisos que vi no rosto de muitos mission\u00e1rios me fizeram buscar o sentido do sorriso que eu tamb\u00e9m queria ter diariamente, e, nessa descoberta, encontrei tamb\u00e9m minha voca\u00e7\u00e3o, e fui muito bem orientado por pessoas que entenderam meus anseios e me levaram a compreender que a decis\u00e3o era minha. Digo sem receio: n\u00f3s jovens temos o cora\u00e7\u00e3o muito aberto, e \u00e0s vezes s\u00f3 precisamos que algu\u00e9m nos ou\u00e7a, nos entusiasme com coragem e acredite em n\u00f3s, em nosso potencial de juventude.<\/p>\n<p style=\"text-align: justify;\">Tenho certeza de que este grande trajeto Sinodal, de indicar \u00e0 juventude um caminho de f\u00e9 e discernimento, ir\u00e1 ajudar a muitos na caminhada constante para a descoberta de um verdadeiro sentido de vida e di\u00e1logo entre as gera\u00e7\u00f5es. N\u00e3o h\u00e1 d\u00favidas que o papa e os bispos est\u00e3o nos indicando a face jovem da Igreja, que n\u00e3o se aparta das realidades atuais e que promove o interc\u00e2mbio de ideais. Agora, cabe a cada um de n\u00f3s assumir a responsabilidade e cooperar nesta bela trajet\u00f3ria de comunh\u00e3o e responsabilidade com a juventude. Temos muitos jovens profetas espalhados nos mais diversos lugares, ou\u00e7amos ent\u00e3o suas vozes e permitamos que seus sonhos tamb\u00e9m nos fa\u00e7am sonhar com um mundo melhor.<\/p>\n<p style=\"text-align: justify;\"><em>* Thulio Fonseca \u00e9 mission\u00e1rio da Comunidade Can\u00e7\u00e3o Nova<\/em><\/p>\n","protected":false},"excerpt":{"rendered":"<p>*Por Thulio Fonseca Muitos falam sobre a juventude; uns dizem que \u00e9 uma fase transit\u00f3ria, outros que os jovens s\u00e3o os respons\u00e1veis pelo futuro, projetando neles um mundo que ainda nem existe, ou, ainda, julgam que s\u00e3o descompromissados e precisam amadurecer muito. Isso pode at\u00e9 ser real em algumas situa\u00e7\u00f5es, pois o jovem de hoje, [&hellip;]<\/p>\n","protected":false},"author":1,"featured_media":44298,"comment_status":"open","ping_status":"closed","sticky":false,"template":"","format":"standard","meta":{"footnotes":""},"categories":[9],"tags":[],"class_list":["post-44297","post","type-post","status-publish","format-standard","has-post-thumbnail","hentry","category-artigos"],"_links":{"self":[{"href":"https:\/\/catolicanet.net\/wp-cnet\/wp-json\/wp\/v2\/posts\/44297","targetHints":{"allow":["GET"]}}],"collection":[{"href":"https:\/\/catolicanet.net\/wp-cnet\/wp-json\/wp\/v2\/posts"}],"about":[{"href":"https:\/\/catolicanet.net\/wp-cnet\/wp-json\/wp\/v2\/types\/post"}],"author":[{"embeddable":true,"href":"https:\/\/catolicanet.net\/wp-cnet\/wp-json\/wp\/v2\/users\/1"}],"replies":[{"embeddable":true,"href":"https:\/\/catolicanet.net\/wp-cnet\/wp-json\/wp\/v2\/comments?post=44297"}],"version-history":[{"count":1,"href":"https:\/\/catolicanet.net\/wp-cnet\/wp-json\/wp\/v2\/posts\/44297\/revisions"}],"predecessor-version":[{"id":44299,"href":"https:\/\/catolicanet.net\/wp-cnet\/wp-json\/wp\/v2\/posts\/44297\/revisions\/44299"}],"wp:featuredmedia":[{"embeddable":true,"href":"https:\/\/catolicanet.net\/wp-cnet\/wp-json\/wp\/v2\/media\/44298"}],"wp:attachment":[{"href":"https:\/\/catolicanet.net\/wp-cnet\/wp-json\/wp\/v2\/media?parent=44297"}],"wp:term":[{"taxonomy":"category","embeddable":true,"href":"https:\/\/catolicanet.net\/wp-cnet\/wp-json\/wp\/v2\/categories?post=44297"},{"taxonomy":"post_tag","embeddable":true,"href":"https:\/\/catolicanet.net\/wp-cnet\/wp-json\/wp\/v2\/tags?post=44297"}],"curies":[{"name":"wp","href":"https:\/\/api.w.org\/{rel}","templated":true}]}}