{"id":44261,"date":"2018-10-01T09:15:54","date_gmt":"2018-10-01T12:15:54","guid":{"rendered":"http:\/\/catolicanet.net\/wp-cnet\/?p=44261"},"modified":"2018-10-01T09:15:54","modified_gmt":"2018-10-01T12:15:54","slug":"nomeado-novo-diretor-espiritual-para-o-pio-brasileiro","status":"publish","type":"post","link":"https:\/\/catolicanet.net\/wp-cnet\/nomeado-novo-diretor-espiritual-para-o-pio-brasileiro\/","title":{"rendered":"Nomeado novo Diretor Espiritual para o Pio Brasileiro"},"content":{"rendered":"<p class=\"title__separator\">A Confer\u00eancia Nacional dos Bispos do Brasil (CNBB) nomeou o padre Wellistony Carvalho Viana como novo Diretor Espiritual do Col\u00e9gio Pio Brasileiro.<\/p>\n<div class=\"article__text\">\n<p>Padre Wellistony pertence \u00e0 arquidiocese de Teresina (PI), mas atualmente est\u00e1 em Munique (Alemanha), realizando o segundo p\u00f3s-doutorado. O sacerdote conhece o Pio, pois foi estudante do Col\u00e9gio por dois anos, quando fez seu mestrado em Filosofia na Pontif\u00edcia Universidade Gregoriana.<\/p>\n<p>Ele estava de \u201cmalas prontas\u201d para realizar uma miss\u00e3o em Pequim, na China, quando recebeu o convite da CNBB.<\/p>\n<p><strong>Biografia<\/strong><\/p>\n<p>Padre Wellistony Carvalho Viana Nasceu em Picos (PI), aos 04 de janeiro de 1975 e foi ordenado aos 06 de janeiro de 2000 por Dom Miguel Fenelon C\u00e2mara. Foi membro da Comunidade Presbiteral do Pontif\u00edcio Col\u00e9gio Pio Brasileiro, no per\u00edodo de 26 de agosto de 2003 a 01 de julho de 2005, quando fez seu mestrado em Filosofia na Pontif\u00edcia Universidade Gregoriana (Roma). Fez seu doutorado na Hochschule f\u00fcr Philosophie de Munique (2010) e p\u00f3s-doutorado na Universidade Federal do Piau\u00ed (2014). Foi \u201cvisiting scholar\u201d na Universidade Notre Dame (USA) (2008) a convite e sob orienta\u00e7\u00e3o do fil\u00f3sofo Vittorio H\u00f6sle.<\/p>\n<p>Foi Diretor espiritual do Semin\u00e1rio de Filosofia D. Edilberto Dinkelborg em Teresina (2000-2003), Reitor Geral do Semin\u00e1rio interdiocesano Sagrado Cora\u00e7\u00e3o de Jesus (2011-2017), Coordenador do Curso de filosofia do Instituto Cat\u00f3lico de Estudos Superiores do Piau\u00ed (ICESPI, 2010-2015), Professor permanente do mestrado em Filosofia da UFPI (2013-) e membro titular do Conselho Estadual de Educa\u00e7\u00e3o do Piau\u00ed (CEE-PI, 2013-2017).<\/p>\n<p>Atualmente, est\u00e1 em Munique, realizando um novo p\u00f3s-doutorado junto ao professor Lorenz Bruno Puntel.<\/p>\n<p><strong>Com informa\u00e7\u00f5es do Vatican News<\/strong><\/p>\n<\/div>\n","protected":false},"excerpt":{"rendered":"<p>A Confer\u00eancia Nacional dos Bispos do Brasil (CNBB) nomeou o padre Wellistony Carvalho Viana como novo Diretor Espiritual do Col\u00e9gio Pio Brasileiro. Padre Wellistony pertence \u00e0 arquidiocese de Teresina (PI), mas atualmente est\u00e1 em Munique (Alemanha), realizando o segundo p\u00f3s-doutorado. O sacerdote conhece o Pio, pois foi estudante do Col\u00e9gio por dois anos, quando fez [&hellip;]<\/p>\n","protected":false},"author":1,"featured_media":44262,"comment_status":"open","ping_status":"closed","sticky":false,"template":"","format":"standard","meta":{"footnotes":""},"categories":[7],"tags":[],"class_list":["post-44261","post","type-post","status-publish","format-standard","has-post-thumbnail","hentry","category-cnbb"],"_links":{"self":[{"href":"https:\/\/catolicanet.net\/wp-cnet\/wp-json\/wp\/v2\/posts\/44261","targetHints":{"allow":["GET"]}}],"collection":[{"href":"https:\/\/catolicanet.net\/wp-cnet\/wp-json\/wp\/v2\/posts"}],"about":[{"href":"https:\/\/catolicanet.net\/wp-cnet\/wp-json\/wp\/v2\/types\/post"}],"author":[{"embeddable":true,"href":"https:\/\/catolicanet.net\/wp-cnet\/wp-json\/wp\/v2\/users\/1"}],"replies":[{"embeddable":true,"href":"https:\/\/catolicanet.net\/wp-cnet\/wp-json\/wp\/v2\/comments?post=44261"}],"version-history":[{"count":1,"href":"https:\/\/catolicanet.net\/wp-cnet\/wp-json\/wp\/v2\/posts\/44261\/revisions"}],"predecessor-version":[{"id":44263,"href":"https:\/\/catolicanet.net\/wp-cnet\/wp-json\/wp\/v2\/posts\/44261\/revisions\/44263"}],"wp:featuredmedia":[{"embeddable":true,"href":"https:\/\/catolicanet.net\/wp-cnet\/wp-json\/wp\/v2\/media\/44262"}],"wp:attachment":[{"href":"https:\/\/catolicanet.net\/wp-cnet\/wp-json\/wp\/v2\/media?parent=44261"}],"wp:term":[{"taxonomy":"category","embeddable":true,"href":"https:\/\/catolicanet.net\/wp-cnet\/wp-json\/wp\/v2\/categories?post=44261"},{"taxonomy":"post_tag","embeddable":true,"href":"https:\/\/catolicanet.net\/wp-cnet\/wp-json\/wp\/v2\/tags?post=44261"}],"curies":[{"name":"wp","href":"https:\/\/api.w.org\/{rel}","templated":true}]}}