{"id":44250,"date":"2018-10-01T08:10:59","date_gmt":"2018-10-01T11:10:59","guid":{"rendered":"http:\/\/catolicanet.net\/wp-cnet\/?p=44250"},"modified":"2018-10-01T08:16:16","modified_gmt":"2018-10-01T11:16:16","slug":"44250-2","status":"publish","type":"post","link":"https:\/\/catolicanet.net\/wp-cnet\/44250-2\/","title":{"rendered":"Pessoa, imagem de Deus"},"content":{"rendered":"<p>H\u00e1 uma grande diferen\u00e7a entre ser imagem de Deus e ter atitudes de endeusamento. O humano tem muito de divino, mas n\u00e3o \u00e9 o divino, um predicado que s\u00f3 pode ser de Deus. Somente Jesus teve a dupla identidade, concebido pela a\u00e7\u00e3o do Esp\u00edrito Santo e gerado com a participa\u00e7\u00e3o de Maria. Nela o divino se tornou humano, dando possibilidade do humano, em seus atos, se tornar divino.<\/p>\n<p>A pessoa humana existe como ser vivente, porque recebeu de Deus o h\u00e1lito da vida (Gn 2,7). Mas vida solid\u00e1ria, que depende de conviv\u00eancia, de relacionamento fraterno, realidade que s\u00f3 existe com a presen\u00e7a do outro, formando comunidade de vida. A imagem de Deus existe quando cada pessoa se abre para criar calor humano, proximidade e reconhecimento da presen\u00e7a de Deus em todos.<\/p>\n<p>A conviv\u00eancia humana, principalmente quando acontece no contexto do relacionamento familiar, expressa com precis\u00e3o o real e verdadeiro sentido da imagem e semelhan\u00e7a de Deus, porque est\u00e1 fundamentada na pr\u00e1tica aut\u00eantica do amor m\u00fatuo. Essa imagem de fraternidade entre as pessoas na fam\u00edlia descarta todo tipo de individualismo e fechamento ao outro, que prejudica o calor humano.<\/p>\n<p>A mudan\u00e7a cultural dos povos e os novos costumes que, naturalmente surgem, v\u00e3o mudan\u00e7a as formalidades do amor. Um amor que parece n\u00e3o realizar as pessoas, ocasionando decep\u00e7\u00f5es, frustra\u00e7\u00f5es e stress. Alguma coisa de estranho est\u00e1 acontecendo deixando muita gente infeliz e sem auto realiza\u00e7\u00e3o. Significa que n\u00e3o tem sido verdadeiro amor, aquele de doa\u00e7\u00e3o total.<\/p>\n<p>Realmente n\u00e3o \u00e9 f\u00e1cil ser imagem e semelhan\u00e7a de Deus, porque a raiz de tudo \u00e9 a capacidade de sair de si valorizando a pessoa do outro. Isso vai contra os princ\u00edpios da modalidade cultural dos \u00faltimos tempos. Uma cultura que procura valorizar a pessoa de forma ego\u00edsta e interesseira. Isso esvazia o sentido do amor e n\u00e3o permite que o indiv\u00edduo se torne realmente feliz.<\/p>\n<p>As exig\u00eancias do verdadeiro amor n\u00e3o significam fardo muito pesado para quem realmente ama. Assim acontece na vida matrimonial, que \u00e9 fruto da liberdade e da racionalidade de duas pessoas, quando uma procura fazer tudo pela outra e saber que tamb\u00e9m poder\u00e1 receber tudo. \u00c9 nessa realidade que podemos dizer que as pessoas s\u00e3o realmente imagens e semelhan\u00e7as do Criador.<\/p>\n","protected":false},"excerpt":{"rendered":"<p>H\u00e1 uma grande diferen\u00e7a entre ser imagem de Deus e ter atitudes de endeusamento. O humano tem muito de divino, mas n\u00e3o \u00e9 o divino, um predicado que s\u00f3 pode ser de Deus. Somente Jesus teve a dupla identidade, concebido pela a\u00e7\u00e3o do Esp\u00edrito Santo e gerado com a participa\u00e7\u00e3o de Maria. Nela o divino [&hellip;]<\/p>\n","protected":false},"author":11,"featured_media":32781,"comment_status":"open","ping_status":"closed","sticky":false,"template":"","format":"standard","meta":{"footnotes":""},"categories":[9],"tags":[],"class_list":["post-44250","post","type-post","status-publish","format-standard","has-post-thumbnail","hentry","category-artigos"],"_links":{"self":[{"href":"https:\/\/catolicanet.net\/wp-cnet\/wp-json\/wp\/v2\/posts\/44250","targetHints":{"allow":["GET"]}}],"collection":[{"href":"https:\/\/catolicanet.net\/wp-cnet\/wp-json\/wp\/v2\/posts"}],"about":[{"href":"https:\/\/catolicanet.net\/wp-cnet\/wp-json\/wp\/v2\/types\/post"}],"author":[{"embeddable":true,"href":"https:\/\/catolicanet.net\/wp-cnet\/wp-json\/wp\/v2\/users\/11"}],"replies":[{"embeddable":true,"href":"https:\/\/catolicanet.net\/wp-cnet\/wp-json\/wp\/v2\/comments?post=44250"}],"version-history":[{"count":2,"href":"https:\/\/catolicanet.net\/wp-cnet\/wp-json\/wp\/v2\/posts\/44250\/revisions"}],"predecessor-version":[{"id":44252,"href":"https:\/\/catolicanet.net\/wp-cnet\/wp-json\/wp\/v2\/posts\/44250\/revisions\/44252"}],"wp:featuredmedia":[{"embeddable":true,"href":"https:\/\/catolicanet.net\/wp-cnet\/wp-json\/wp\/v2\/media\/32781"}],"wp:attachment":[{"href":"https:\/\/catolicanet.net\/wp-cnet\/wp-json\/wp\/v2\/media?parent=44250"}],"wp:term":[{"taxonomy":"category","embeddable":true,"href":"https:\/\/catolicanet.net\/wp-cnet\/wp-json\/wp\/v2\/categories?post=44250"},{"taxonomy":"post_tag","embeddable":true,"href":"https:\/\/catolicanet.net\/wp-cnet\/wp-json\/wp\/v2\/tags?post=44250"}],"curies":[{"name":"wp","href":"https:\/\/api.w.org\/{rel}","templated":true}]}}