{"id":4419,"date":"2014-03-25T12:00:43","date_gmt":"2014-03-25T15:00:43","guid":{"rendered":"http:\/\/catolicanet.net\/wp-cnet\/o-dialogo-quase-se-tornou-possivel\/"},"modified":"2017-04-05T09:50:48","modified_gmt":"2017-04-05T12:50:48","slug":"o-dialogo-quase-se-tornou-possivel","status":"publish","type":"post","link":"https:\/\/catolicanet.net\/wp-cnet\/o-dialogo-quase-se-tornou-possivel\/","title":{"rendered":"O di\u00e1logo quase se tornou poss\u00edvel"},"content":{"rendered":"<p style=\"text-align: justify;\"> Uma Revista de circula\u00e7\u00e3o nacional, publicou entrevista com Joshua Green, um professor, ateu confesso da Universidade de Harvard. Ela apresenta uma certa novidade, porque o autor toma ares mais brandos ao expor suas id\u00e9ias. O que n\u00e3o \u00e9 muito comum entre ateus, diga-se de passagem. Mas percebe-se, durante toda a entrevista, que o escritor se considera um iluminado, de longe superior a todos os que n\u00e3o pensam como ele. \u00c9 a t\u00e1tica vezeira do iluminismo: tratar com desd\u00e9m os advers\u00e1rios, desqualificando seus conhecimentos. Portanto, por serem pouco cultos, devem ficar quietos, recolhendo-se \u00e0 sua insignific\u00e2ncia. Chega a afirmar que as convic\u00e7\u00f5es deles s\u00e3o apenas um pensamento tribal (primitivo). Lembrei-me da queixa do grande Ap\u00f3stolo: \u201cSenhor, quem acreditou na nossa prega\u00e7\u00e3o\u201d (Rom 10, 16)?\u00a0 Mas, al\u00e9m de louvar o tom\u00a0\u00a0 mais manso do autor, preciso reconhecer que, quando abordou o tema do aborto, exp\u00f4s n\u00e3o somente o argumento principal dos que s\u00e3o a favor, mas tamb\u00e9m o dos que s\u00e3o contra tal pr\u00e1tica (sem fugir da honestidade). No entanto, quando falou sobre ate\u00edsmo, deu vantagem aos que n\u00e3o acreditam em Deus (como ele). Por um medo estranho, n\u00e3o se aventurou a tratar com considera\u00e7\u00e3o os fortes argumentos dos que creem no Ser Criador.<\/p>\n<p> O Conc\u00edlio Vaticano II, por n\u00e3o ter receio da verdade, exortou a Igreja a abrir di\u00e1logo com o mundo moderno.\u00a0 E tamb\u00e9m com as outras Religi\u00f5es. \u00c9 uma atitude de respeito, que pode levar uma contribui\u00e7\u00e3o para quem est\u00e1 do outro lado. Ou tamb\u00e9m, ouvindo os outros, poderemos aperfei\u00e7oar o nosso pr\u00f3prio entendimento. \u201cD\u00e1 ao s\u00e1bio: e ele se tornar\u00e1 mais s\u00e1bio ainda\u201d (Prov 9, 9). Resumindo: fiquei feliz ao ver Joshua ter atitudes louv\u00e1veis. Mas pesaroso por n\u00e3o ter chegado ao di\u00e1logo completo. Sobretudo, n\u00e3o concordo com seu louvor ao Papa Francisco, por declar\u00e1-lo um Papa \u201cp\u00f3s-tribal\u201d. Isso \u00e9 desclassificar, entre outros, o grande intelectual Bento XVI, que foi capaz de entrar em grandes Universidades europeias, e chamar a si multid\u00f5es de intelectuais. Todos nos sentimos pequenos diante da cultura e da f\u00e9 adulta desse homem, capaz de coordenar uma obra extraordin\u00e1ria como o \u201cCatecismo da Igreja Cat\u00f3lica\u201d.<\/p>\n","protected":false},"excerpt":{"rendered":"<p>Uma Revista de circula\u00e7\u00e3o nacional, publicou entrevista com Joshua Green, um professor, ateu confesso da Universidade de Harvard. Ela apresenta uma certa novidade, porque o autor toma ares mais brandos ao expor suas id\u00e9ias. O que n\u00e3o \u00e9 muito comum entre ateus, diga-se de passagem. Mas percebe-se, durante toda a entrevista, que o escritor se [&hellip;]<\/p>\n","protected":false},"author":8,"featured_media":0,"comment_status":"closed","ping_status":"closed","sticky":false,"template":"","format":"standard","meta":{"footnotes":""},"categories":[9],"tags":[],"class_list":["post-4419","post","type-post","status-publish","format-standard","hentry","category-artigos"],"_links":{"self":[{"href":"https:\/\/catolicanet.net\/wp-cnet\/wp-json\/wp\/v2\/posts\/4419","targetHints":{"allow":["GET"]}}],"collection":[{"href":"https:\/\/catolicanet.net\/wp-cnet\/wp-json\/wp\/v2\/posts"}],"about":[{"href":"https:\/\/catolicanet.net\/wp-cnet\/wp-json\/wp\/v2\/types\/post"}],"author":[{"embeddable":true,"href":"https:\/\/catolicanet.net\/wp-cnet\/wp-json\/wp\/v2\/users\/8"}],"replies":[{"embeddable":true,"href":"https:\/\/catolicanet.net\/wp-cnet\/wp-json\/wp\/v2\/comments?post=4419"}],"version-history":[{"count":1,"href":"https:\/\/catolicanet.net\/wp-cnet\/wp-json\/wp\/v2\/posts\/4419\/revisions"}],"predecessor-version":[{"id":9319,"href":"https:\/\/catolicanet.net\/wp-cnet\/wp-json\/wp\/v2\/posts\/4419\/revisions\/9319"}],"wp:attachment":[{"href":"https:\/\/catolicanet.net\/wp-cnet\/wp-json\/wp\/v2\/media?parent=4419"}],"wp:term":[{"taxonomy":"category","embeddable":true,"href":"https:\/\/catolicanet.net\/wp-cnet\/wp-json\/wp\/v2\/categories?post=4419"},{"taxonomy":"post_tag","embeddable":true,"href":"https:\/\/catolicanet.net\/wp-cnet\/wp-json\/wp\/v2\/tags?post=4419"}],"curies":[{"name":"wp","href":"https:\/\/api.w.org\/{rel}","templated":true}]}}