{"id":44151,"date":"2018-09-26T11:02:32","date_gmt":"2018-09-26T14:02:32","guid":{"rendered":"http:\/\/catolicanet.net\/wp-cnet\/?p=44151"},"modified":"2018-09-26T11:02:32","modified_gmt":"2018-09-26T14:02:32","slug":"vaticano-papa-responde-a-criticos-do-acordo-com-a-china-e-diz-que-este-abre-percurso-inedito-de-reconciliacao","status":"publish","type":"post","link":"https:\/\/catolicanet.net\/wp-cnet\/vaticano-papa-responde-a-criticos-do-acordo-com-a-china-e-diz-que-este-abre-percurso-inedito-de-reconciliacao\/","title":{"rendered":"Vaticano: Papa responde a cr\u00edticos do acordo com a China e diz que este abre \u00abpercurso in\u00e9dito\u00bb de reconcilia\u00e7\u00e3o"},"content":{"rendered":"<p>Cidade do Vaticano, 26 set 2018 (Ecclesia) \u2013 O Papa enviou uma mensagem aos cat\u00f3licos da China e de todo o mundo, ap\u00f3s o acordo assinado entre a Santa S\u00e9 e Pequim sobre a nomea\u00e7\u00e3o de bispos, saudando o in\u00edcio de um \u201cpercurso in\u00e9dito\u201d de reconcilia\u00e7\u00e3o.<\/p>\n<p>\u201cCom as decis\u00f5es tomadas, podemos dar in\u00edcio a um percurso in\u00e9dito, que ajudar\u00e1 \u2013 assim o esperamos \u2013 a curar as feridas do passado, restabelecer a plena comunh\u00e3o de todos os cat\u00f3licos chineses e abrir uma fase de colabora\u00e7\u00e3o mais fraterna, para assumir com renovado empenho a miss\u00e3o do an\u00fancio do Evangelho\u201d, escreve Francisco, numa mensagem divulgada hoje pelo Vaticano.<\/p>\n<p>A carta responde \u00e0s cr\u00edticas provenientes de v\u00e1rios quadrantes, admitindo que existem \u201cd\u00favidas e perplexidade\u201d sobre a reunifica\u00e7\u00e3o das comunidades cat\u00f3licas e que alguns \u201cvivem a sensa\u00e7\u00e3o de ter sido como que abandonados pela Santa S\u00e9\u201d, depois dos sofrimentos que enfrentaram para viver na \u201cfidelidade\u201d ao Papa.<\/p>\n<p>\u201cConvictamente, convido-vos a pedir a gra\u00e7a de n\u00e3o hesitar quando o Esp\u00edrito nos exige que demos um passo em frente\u201d, refere o pont\u00edfice aos respons\u00e1veis pela Igreja Cat\u00f3lica na China.<\/p>\n<p>Francisco manifesta o seu apre\u00e7o pessoal pela cultura chinesa e a admira\u00e7\u00e3o de toda a Igreja pela \u201cfidelidade, const\u00e2ncia prova\u00e7\u00e3o, arraigada confian\u00e7a na Provid\u00eancia de Deus\u201d por parte dos cat\u00f3licos do pa\u00eds.<\/p>\n<p>\u201cA comunidade cat\u00f3lica na China \u00e9 chamada a estar unida, para superar as divis\u00f5es do passado que tantos sofrimentos causaram e causam no cora\u00e7\u00e3o de muitos pastores e fi\u00e9is. Agora todos os crist\u00e3os, sem distin\u00e7\u00e3o, realizem gestos de reconcilia\u00e7\u00e3o e comunh\u00e3o\u201d, apela.<\/p>\n<p>Segundo o Papa, o acordo, que pode ser aperfei\u00e7oado, abre uma \u201cnova p\u00e1gina\u201d na hist\u00f3ria da Igreja Cat\u00f3lica na China.<\/p>\n<p>\u201cOs contactos atuais entre a Santa S\u00e9 e o Governo chin\u00eas t\u00eam vindo a demonstrar-se \u00fateis para superar os conflitos do passado \u2013 mesmo recente \u2013 e para escrever uma p\u00e1gina de colabora\u00e7\u00e3o mais serena e concreta\u201d, precisa.<\/p>\n<blockquote><p>Pela primeira vez, este Acordo introduz elementos est\u00e1veis de colabora\u00e7\u00e3o entre as Autoridades do Estado e a S\u00e9 Apost\u00f3lica, com a esperan\u00e7a de garantir bons Pastores \u00e0 comunidade cat\u00f3lica\u201d.<\/p><\/blockquote>\n<p>Na \u00faltima noite, ao regressar desde a viagem aos pa\u00edses b\u00e1lticos, o Papa tinha dito aos jornalistas que recente acordo provis\u00f3rio entre a Santa S\u00e9 e a China representava um avan\u00e7o, <a href=\"http:\/\/www.agencia.ecclesia.pt\/portal\/vaticano-papa-deseja-nova-fase-nas-relacoes-com-a-china\/\">precisando<\/a> que a nomea\u00e7\u00e3o de bispos \u00e9 da sua exclusiva responsabilidade.<\/p>\n<p><a class=\"fbx-link fbx-instance\" href=\"http:\/\/www.agencia.ecclesia.pt\/portal\/wp-content\/uploads\/2018\/05\/papa_china_vaticano.jpg\"><img loading=\"lazy\" decoding=\"async\" class=\"alignleft wp-image-104897 size-medium\" src=\"http:\/\/www.agencia.ecclesia.pt\/portal\/wp-content\/uploads\/2018\/05\/papa_china_vaticano-300x200.jpg\" sizes=\"auto, (max-width: 300px) 100vw, 300px\" srcset=\"http:\/\/www.agencia.ecclesia.pt\/portal\/wp-content\/uploads\/2018\/05\/papa_china_vaticano-300x200.jpg 300w, http:\/\/www.agencia.ecclesia.pt\/portal\/wp-content\/uploads\/2018\/05\/papa_china_vaticano-768x512.jpg 768w, http:\/\/www.agencia.ecclesia.pt\/portal\/wp-content\/uploads\/2018\/05\/papa_china_vaticano-1024x682.jpg 1024w, http:\/\/www.agencia.ecclesia.pt\/portal\/wp-content\/uploads\/2018\/05\/papa_china_vaticano-1080x720.jpg 1080w\" alt=\"\" width=\"300\" height=\"200\" \/><\/a>A carta divulgada hoje explica que a solu\u00e7\u00e3o para a quest\u00e3o das nomea\u00e7\u00f5es episcopais, dividida entre Roma e Pequim, era essencial para \u201csustentar e promover o an\u00fancio do Evangelho na China e reconstituir a unidade plena e vis\u00edvel na Igreja\u201d.<\/p>\n<p>\u201cTodos sabem que, infelizmente, a hist\u00f3ria recente da Igreja Cat\u00f3lica na China esteve dolorosamente marcada por profundas tens\u00f5es, feridas e divis\u00f5es que se t\u00eam focalizado sobretudo \u00e0 volta da figura do bispo como guardi\u00e3o da autenticidade da f\u00e9 e garante da comunh\u00e3o eclesial\u201d, recorda.<\/p>\n<p>O acordo de 22 de setembro permite que todos os prelados do pa\u00eds estejam agora em comunh\u00e3o com o Papa, pela primeira vez em d\u00e9cadas.<\/p>\n<p>As rela\u00e7\u00f5es diplom\u00e1ticas entre a China e a Santa S\u00e9 terminaram em 1951, ap\u00f3s a expuls\u00e3o de todos os mission\u00e1rios estrangeiros, muitos dos quais se refugiaram em Hong Kong, Macau e Taiwan.<\/p>\n<p>Em 1952, o Papa Pio XII recusou a cria\u00e7\u00e3o de uma Igreja chinesa, separada da Santa S\u00e9 [Associa\u00e7\u00e3o Patri\u00f3tica Chinesa, APC] e, em seguida, reconheceu formalmente a independ\u00eancia de Taiwan, onde o n\u00fancio apost\u00f3lico (embaixador da Santa S\u00e9) se estabeleceu depois da expuls\u00e3o da China.<\/p>\n<p><a class=\"fbx-link fbx-instance\" href=\"http:\/\/www.agencia.ecclesia.pt\/portal\/wp-content\/uploads\/2018\/01\/1catolicos_china_igreja_ofertorio.jpg\"><img loading=\"lazy\" decoding=\"async\" class=\"alignright wp-image-85993 size-medium\" src=\"http:\/\/www.agencia.ecclesia.pt\/portal\/wp-content\/uploads\/2018\/01\/1catolicos_china_igreja_ofertorio-300x217.jpg\" sizes=\"auto, (max-width: 300px) 100vw, 300px\" srcset=\"http:\/\/www.agencia.ecclesia.pt\/portal\/wp-content\/uploads\/2018\/01\/1catolicos_china_igreja_ofertorio-300x217.jpg 300w, http:\/\/www.agencia.ecclesia.pt\/portal\/wp-content\/uploads\/2018\/01\/1catolicos_china_igreja_ofertorio.jpg 698w\" alt=\"\" width=\"300\" height=\"217\" \/><\/a>Pequim s\u00f3 reconhecia os bispos nomeados pela APC; os bispos nomeados diretamente pelo Vaticano foram, muitas vezes, perseguidos e presos pelas autoridades.<\/p>\n<p>Francisco sublinha que este \u201ccontrolo direto para al\u00e9m das leg\u00edtimas compet\u00eancias do Estado\u201d levou ao fen\u00f3meno da clandestinidade na Igreja presente na China.<\/p>\n<p>Para superar esta divis\u00e3o, o pont\u00edfice decidiu conceder a reconcilia\u00e7\u00e3o a sete bispos \u201coficiais\u201d, ordenados sem mandato pontif\u00edcio e, tendo removido todas as relativas san\u00e7\u00f5es can\u00f3nicas, \u201creadmiti-los na plena comunh\u00e3o eclesial\u201d.<\/p>\n<p>\u201cConvido, portanto, todos os cat\u00f3licos chineses a fazerem-se art\u00edfices de reconcilia\u00e7\u00e3o\u201d, prosseguiu.<\/p>\n<p>O acordo, refere o Papa, \u00e9 fruto do \u201clongo e complexo di\u00e1logo institucional da Santa S\u00e9 com as Autoridades governamentais chinesas\u201d, iniciado j\u00e1 por S\u00e3o Jo\u00e3o Paulo II e continuado pelo Papa Bento XVI.<\/p>\n<p>Francisco espera que os cat\u00f3licos chineses sejam \u00b4\u201dbons cidad\u00e3os\u201d, capazes de uma palavra \u201ccr\u00edtica\u201d, quando necess\u00e1rio, para \u201cedificar uma sociedade mais justa, mais humana e mais respeitadora da dignidade de cada pessoa\u201d.<\/p>\n<blockquote><p>Abri de par em par o cora\u00e7\u00e3o e a mente a fim de discernir o des\u00edgnio misericordioso de Deus, que pede para superar os preconceitos pessoais e os contrastes entre os grupos e as comunidades, para abrir um caminho corajoso e fraterno \u00e0 luz duma aut\u00eantica cultura do encontro\u201d.<\/p><\/blockquote>\n<p>A <a href=\"http:\/\/press.vatican.va\/content\/salastampa\/it\/bollettino\/pubblico\/2018\/09\/26\/0695\/01475.html\" target=\"_blank\" rel=\"noopener\">mensagem<\/a> inclui uma sauda\u00e7\u00e3o \u00e0s autoridades pol\u00edticas da China, com o convite para continuar \u201ccom confian\u00e7a, coragem e clarivid\u00eancia\u201d, o di\u00e1logo encetado.<\/p>\n<p>O acordo entre a Santa S\u00e9 e a Rep\u00fablica Popular da China permite regularizar o estatuto da Igreja Cat\u00f3lica; o\u00a0Papa j\u00e1\u00a0 admitiu o desejo de visitar o pa\u00eds.<\/p>\n<p>Francisco foi o primeiro pont\u00edfice cat\u00f3lico a sobrevoar o espa\u00e7o chin\u00eas, em agosto de 2014, tendo nessa ocasi\u00e3o enviado duas mensagens ao presidente Xi Jinping, pedindo que Deus aben\u00e7oasse o pa\u00eds asi\u00e1tico.<\/p>\n","protected":false},"excerpt":{"rendered":"<p>Cidade do Vaticano, 26 set 2018 (Ecclesia) \u2013 O Papa enviou uma mensagem aos cat\u00f3licos da China e de todo o mundo, ap\u00f3s o acordo assinado entre a Santa S\u00e9 e Pequim sobre a nomea\u00e7\u00e3o de bispos, saudando o in\u00edcio de um \u201cpercurso in\u00e9dito\u201d de reconcilia\u00e7\u00e3o. \u201cCom as decis\u00f5es tomadas, podemos dar in\u00edcio a um [&hellip;]<\/p>\n","protected":false},"author":1,"featured_media":44152,"comment_status":"open","ping_status":"closed","sticky":false,"template":"","format":"standard","meta":{"footnotes":""},"categories":[4],"tags":[],"class_list":["post-44151","post","type-post","status-publish","format-standard","has-post-thumbnail","hentry","category-cotidiano"],"_links":{"self":[{"href":"https:\/\/catolicanet.net\/wp-cnet\/wp-json\/wp\/v2\/posts\/44151","targetHints":{"allow":["GET"]}}],"collection":[{"href":"https:\/\/catolicanet.net\/wp-cnet\/wp-json\/wp\/v2\/posts"}],"about":[{"href":"https:\/\/catolicanet.net\/wp-cnet\/wp-json\/wp\/v2\/types\/post"}],"author":[{"embeddable":true,"href":"https:\/\/catolicanet.net\/wp-cnet\/wp-json\/wp\/v2\/users\/1"}],"replies":[{"embeddable":true,"href":"https:\/\/catolicanet.net\/wp-cnet\/wp-json\/wp\/v2\/comments?post=44151"}],"version-history":[{"count":1,"href":"https:\/\/catolicanet.net\/wp-cnet\/wp-json\/wp\/v2\/posts\/44151\/revisions"}],"predecessor-version":[{"id":44153,"href":"https:\/\/catolicanet.net\/wp-cnet\/wp-json\/wp\/v2\/posts\/44151\/revisions\/44153"}],"wp:featuredmedia":[{"embeddable":true,"href":"https:\/\/catolicanet.net\/wp-cnet\/wp-json\/wp\/v2\/media\/44152"}],"wp:attachment":[{"href":"https:\/\/catolicanet.net\/wp-cnet\/wp-json\/wp\/v2\/media?parent=44151"}],"wp:term":[{"taxonomy":"category","embeddable":true,"href":"https:\/\/catolicanet.net\/wp-cnet\/wp-json\/wp\/v2\/categories?post=44151"},{"taxonomy":"post_tag","embeddable":true,"href":"https:\/\/catolicanet.net\/wp-cnet\/wp-json\/wp\/v2\/tags?post=44151"}],"curies":[{"name":"wp","href":"https:\/\/api.w.org\/{rel}","templated":true}]}}