{"id":4414,"date":"2014-03-24T13:23:16","date_gmt":"2014-03-24T16:23:16","guid":{"rendered":"http:\/\/catolicanet.net\/wp-cnet\/dar-felicidade\/"},"modified":"2017-04-05T09:39:06","modified_gmt":"2017-04-05T12:39:06","slug":"dar-felicidade","status":"publish","type":"post","link":"https:\/\/catolicanet.net\/wp-cnet\/dar-felicidade\/","title":{"rendered":"Dar felicidade"},"content":{"rendered":"<p style=\"text-align: justify;\">\n<p><strong><img decoding=\"async\" src=\"http:\/\/catolicanet.com.br\/images\/stories\/felicidade.jpg\" border=\"0\" align=\"left\" \/>H\u00e1 pessoas que irradiam luz e nos fazem imaginar como ser\u00e1 nossa felicidade no c\u00e9u<\/strong><\/p>\n<p>H\u00e1 pessoas que sabem aproveitar cada instante. Sentem-se em casa com facilidade em qualquer lugar. Avaliam tudo positivamente. T\u00eam um olhar inocente e confiante sobre a vida.<\/p>\n<p>Essas pessoas \u2013 cada vez mais raras \u2013 fazem da vida uma corrente ininterrupta de momentos de luz. Talvez sejam tocadas por Deus de uma maneira especial. Elas existem, conhe\u00e7o algumas.<\/p>\n<p>No entanto, h\u00e1 outras que veem escurid\u00e3o e se recreiam no temor. N\u00e3o avan\u00e7am, temem, retrocedem. Julgam com dureza, fecham-se em sua pr\u00f3pria carne. Tudo lhes parece pouco. Vivem com medo do futuro e se sentem mal com o seu passado. N\u00e3o aceitam seu presente e n\u00e3o veem luz em nada do que as cerca.<\/p>\n<p>N\u00e3o escutam a voz de Deus dizendo-lhes o quanto as ama. E sempre pensam que deveriam ser mais amadas do que s\u00e3o. Porque nada \u00e9 suficiente. Sim, tamb\u00e9m conhe\u00e7o algumas dessas pessoas que tiram a cor da vida e a tornam cinza e triste.<\/p>\n<p>Em que grupo de pessoas nos encontramos? Talvez em um grupo intermedi\u00e1rio: nem t\u00e3o cinza, nem com tanta luz.<\/p>\n<p>Mas \u00e9 verdade que \u00e9 poss\u00edvel preencher com um pouco mais de luz a nossa vida e a dos outros. \u00c9 poss\u00edvel mudar o olhar, melhorar, avan\u00e7ar. Deus pode fazer isso. \u00c9 poss\u00edvel transformar a noite em amanhecer, porque sempre h\u00e1 esperan\u00e7a. A resposta est\u00e1 em n\u00f3s, que podemos ver a vida de forma muito diferente.<\/p>\n<p>J\u00e1 na terra come\u00e7amos a viver o que ser\u00e1 no c\u00e9u. Ainda que velado. Deus nos oferece sua presen\u00e7a, seu amor. D\u00e1-nos momentos de paz e de c\u00e9u. A promessa de Deus \u00e9 que j\u00e1 aqui, em nossa vida, Ele caminha conosco.<\/p>\n<p>Aqui experimentamos fa\u00edscas do que ser\u00e1 a plenitude no c\u00e9u. L\u00e1, n\u00e3o ser\u00e1 preciso descer da montanha. Os momentos de paz da nossa vida ser\u00e3o eternos.<\/p>\n<p>Esta paisagem que contemplamos, as conversas nas quais descansamos, esses momentos de ora\u00e7\u00e3o ou de amizade que respiramos, esses instantes em que sentimos que algu\u00e9m nos amava muito e a vida tinha um sentido.<\/p>\n<p>Esses momentos em que vimos Deus em algu\u00e9m. Essas pessoas que, quando as vemos, fazem com que nos esque\u00e7amos de tudo que h\u00e1 de ruim, que nos libertam e nos ajudam a descansar.<\/p>\n<p>Pessoas que nos olham nos olhos e diante de quem podemos ser quem somos, porque sabemos que nos acolher\u00e3o assim. Pessoas que acreditam e confiam, que fazem seus os nossos sonhos. Que se interessam pelas nossas coisas, at\u00e9 pelas pequenas coisas, s\u00f3 pelo fato de serem nossas.<\/p>\n<p>Elas tiram os obst\u00e1culos do nosso caminho e olham para o nosso cora\u00e7\u00e3o at\u00e9 o fundo, compreendendo-nos.<\/p>\n<p>Quem \u00e9 assim em nossa vida? E eu, sou esse Tabor para as pessoas ao meu redor?<\/p>\n<p>Todos n\u00f3s temos momentos de vida em nossa hist\u00f3ria. Acho que \u00e9 fundamental viv\u00ea-los a fundo, tirar as sand\u00e1lias para pisar esse terreno sagrado. S\u00e3o peda\u00e7os de c\u00e9u que nos ajudam a saber como ser\u00e1 estar com Deus para sempre. Algo parecido, mas melhor e eterno.<\/p>\n<p>Para isso fomos criados, para o lar que n\u00e3o passa. Todas as nossas experi\u00eancias de beleza e de bondade, de luz e de paz, de estar, de chegada, na verdade s\u00e3o momentos em que Deus, como esse dia na montanha, nos diz que nos ama, que somos seus filhos prediletos.<\/p>\n<p>Ele nos espera todos os dias, quer estar conosco. At\u00e9 que estejamos juntos para sempre. A luz que um dia vi permanece dentro e iluminar\u00e1 os momentos de escurid\u00e3o. A paz que um dia vivi me dar\u00e1 for\u00e7as quando tudo mudar. O amor que senti me ajudar\u00e1 a crer quando eu me sentir sozinho.<\/p>\n<p style=\"text-align: justify;\">\u00a0<\/p>\n<p style=\"text-align: justify;\"><strong>Fonte:<\/strong> Aleteia<\/p>\n","protected":false},"excerpt":{"rendered":"<p>H\u00e1 pessoas que irradiam luz e nos fazem imaginar como ser\u00e1 nossa felicidade no c\u00e9u H\u00e1 pessoas que sabem aproveitar cada instante. Sentem-se em casa com facilidade em qualquer lugar. Avaliam tudo positivamente. T\u00eam um olhar inocente e confiante sobre a vida. Essas pessoas \u2013 cada vez mais raras \u2013 fazem da vida uma corrente [&hellip;]<\/p>\n","protected":false},"author":1,"featured_media":0,"comment_status":"closed","ping_status":"closed","sticky":false,"template":"","format":"standard","meta":{"footnotes":""},"categories":[4],"tags":[],"class_list":["post-4414","post","type-post","status-publish","format-standard","hentry","category-cotidiano"],"_links":{"self":[{"href":"https:\/\/catolicanet.net\/wp-cnet\/wp-json\/wp\/v2\/posts\/4414","targetHints":{"allow":["GET"]}}],"collection":[{"href":"https:\/\/catolicanet.net\/wp-cnet\/wp-json\/wp\/v2\/posts"}],"about":[{"href":"https:\/\/catolicanet.net\/wp-cnet\/wp-json\/wp\/v2\/types\/post"}],"author":[{"embeddable":true,"href":"https:\/\/catolicanet.net\/wp-cnet\/wp-json\/wp\/v2\/users\/1"}],"replies":[{"embeddable":true,"href":"https:\/\/catolicanet.net\/wp-cnet\/wp-json\/wp\/v2\/comments?post=4414"}],"version-history":[{"count":1,"href":"https:\/\/catolicanet.net\/wp-cnet\/wp-json\/wp\/v2\/posts\/4414\/revisions"}],"predecessor-version":[{"id":9314,"href":"https:\/\/catolicanet.net\/wp-cnet\/wp-json\/wp\/v2\/posts\/4414\/revisions\/9314"}],"wp:attachment":[{"href":"https:\/\/catolicanet.net\/wp-cnet\/wp-json\/wp\/v2\/media?parent=4414"}],"wp:term":[{"taxonomy":"category","embeddable":true,"href":"https:\/\/catolicanet.net\/wp-cnet\/wp-json\/wp\/v2\/categories?post=4414"},{"taxonomy":"post_tag","embeddable":true,"href":"https:\/\/catolicanet.net\/wp-cnet\/wp-json\/wp\/v2\/tags?post=4414"}],"curies":[{"name":"wp","href":"https:\/\/api.w.org\/{rel}","templated":true}]}}