{"id":44073,"date":"2018-09-24T15:54:42","date_gmt":"2018-09-24T18:54:42","guid":{"rendered":"http:\/\/catolicanet.net\/wp-cnet\/?p=44073"},"modified":"2018-09-24T15:54:42","modified_gmt":"2018-09-24T18:54:42","slug":"regional-sul-2-aborda-protagonismo-laical-em-assembleia-do-povo-de-deus","status":"publish","type":"post","link":"https:\/\/catolicanet.net\/wp-cnet\/regional-sul-2-aborda-protagonismo-laical-em-assembleia-do-povo-de-deus\/","title":{"rendered":"Regional Sul 2 aborda protagonismo laical em assembleia do povo de Deus"},"content":{"rendered":"<p>Cerca de 120 pessoas participaram da 39\u00aa Assembleia do Povo de Deus, promovida pelo regional Sul 2 da Confer\u00eancia Nacional dos Bispos do Brasil (CNBB). Entre os dias 21 e 23 de setembro, na Casa de Retiros Nossa Senhora do Mossungu\u00ea, em Curitiba (PR), foram realizados momentos de conviv\u00eancia, partilha e planejamento \u00e0 luz do tema \u201cO protagonismo laical no servi\u00e7o \u00e0 vida plena\u201d.<\/p>\n<p>Participaram da assembleia arcebispos e bispos das arqui\/dioceses paranaenses, padres coordenadores da A\u00e7\u00e3o Evangelizadora, leigos ligados \u00e0s Pastorais Sociais das dioceses e coordenadores regionais das pastorais, movimentos e organismos. Foi assessor do encontro o professor Cesar Augusto Kuzma, doutor em Teologia pela Pontif\u00edcia Universidade Cat\u00f3lica do Rio de Janeiro (PUC-Rio).<\/p>\n<p>Leia a not\u00edcia completa:<\/p>\n<blockquote class=\"wp-embedded-content\"><p><a href=\"http:\/\/cnbbs2.org.br\/2018\/09\/igreja-do-parana-esteve-reunida-em-curitiba-na-39a-assembleia-do-povo-de-deus\/\">Igreja do Paran\u00e1 esteve reunida em Curitiba na 39\u00aa Assembleia do Povo de Deus<\/a><\/p><\/blockquote>\n","protected":false},"excerpt":{"rendered":"<p>Cerca de 120 pessoas participaram da 39\u00aa Assembleia do Povo de Deus, promovida pelo regional Sul 2 da Confer\u00eancia Nacional dos Bispos do Brasil (CNBB). Entre os dias 21 e 23 de setembro, na Casa de Retiros Nossa Senhora do Mossungu\u00ea, em Curitiba (PR), foram realizados momentos de conviv\u00eancia, partilha e planejamento \u00e0 luz do [&hellip;]<\/p>\n","protected":false},"author":1,"featured_media":44074,"comment_status":"open","ping_status":"closed","sticky":false,"template":"","format":"standard","meta":{"footnotes":""},"categories":[7],"tags":[],"class_list":["post-44073","post","type-post","status-publish","format-standard","has-post-thumbnail","hentry","category-cnbb"],"_links":{"self":[{"href":"https:\/\/catolicanet.net\/wp-cnet\/wp-json\/wp\/v2\/posts\/44073","targetHints":{"allow":["GET"]}}],"collection":[{"href":"https:\/\/catolicanet.net\/wp-cnet\/wp-json\/wp\/v2\/posts"}],"about":[{"href":"https:\/\/catolicanet.net\/wp-cnet\/wp-json\/wp\/v2\/types\/post"}],"author":[{"embeddable":true,"href":"https:\/\/catolicanet.net\/wp-cnet\/wp-json\/wp\/v2\/users\/1"}],"replies":[{"embeddable":true,"href":"https:\/\/catolicanet.net\/wp-cnet\/wp-json\/wp\/v2\/comments?post=44073"}],"version-history":[{"count":1,"href":"https:\/\/catolicanet.net\/wp-cnet\/wp-json\/wp\/v2\/posts\/44073\/revisions"}],"predecessor-version":[{"id":44075,"href":"https:\/\/catolicanet.net\/wp-cnet\/wp-json\/wp\/v2\/posts\/44073\/revisions\/44075"}],"wp:featuredmedia":[{"embeddable":true,"href":"https:\/\/catolicanet.net\/wp-cnet\/wp-json\/wp\/v2\/media\/44074"}],"wp:attachment":[{"href":"https:\/\/catolicanet.net\/wp-cnet\/wp-json\/wp\/v2\/media?parent=44073"}],"wp:term":[{"taxonomy":"category","embeddable":true,"href":"https:\/\/catolicanet.net\/wp-cnet\/wp-json\/wp\/v2\/categories?post=44073"},{"taxonomy":"post_tag","embeddable":true,"href":"https:\/\/catolicanet.net\/wp-cnet\/wp-json\/wp\/v2\/tags?post=44073"}],"curies":[{"name":"wp","href":"https:\/\/api.w.org\/{rel}","templated":true}]}}