{"id":44053,"date":"2018-09-24T13:39:39","date_gmt":"2018-09-24T16:39:39","guid":{"rendered":"http:\/\/catolicanet.net\/wp-cnet\/?p=44053"},"modified":"2018-09-24T13:39:39","modified_gmt":"2018-09-24T16:39:39","slug":"encontro-mundial-das-familias-meditacao-do-pe-michael","status":"publish","type":"post","link":"https:\/\/catolicanet.net\/wp-cnet\/encontro-mundial-das-familias-meditacao-do-pe-michael\/","title":{"rendered":"Encontro Mundial das Fam\u00edlias: medita\u00e7\u00e3o do Pe. Michael"},"content":{"rendered":"<div class=\"post-content\">\n<p><strong>\u201cLouvado seja Jesus Cristo \u2013 agora e para sempre!\u201d. Esta \u00e9 a tradu\u00e7\u00e3o da sauda\u00e7\u00e3o cat\u00f3lica na R\u00fassia. Mais uma vez: \u201cLouvado seja Jesus Cristo \u2013 agora e para sempre\u201d. Maravilhoso. Vamos nos entusiasmar com Jesus no Encontro Mundial das Fam\u00edlias.<\/strong><\/p>\n<h2 data-fontsize=\"30\" data-lineheight=\"39\">O chamado<\/h2>\n<p>Sou do Alasca e meu nome \u00e9 <a href=\"https:\/\/www.acn.org.br\/noticias\/os-campos-da-morte-criados-por-stalin-no-artico\/\">Pe. Michael Shields<\/a>. Vivi os \u00faltimos 25 anos na Sib\u00e9ria (<a href=\"https:\/\/www.acn.org.br\/images\/stories\/RLRM2016\/pDFs\/RLRM-2016-Russia.pdf\" target=\"_blank\" rel=\"noopener\">R\u00fassia<\/a>) em uma cidade chamada <a href=\"https:\/\/www.youtube.com\/watch?v=8bFoudDqrOc\" target=\"_blank\" rel=\"noopener\">Magadan<\/a>, onde havia um antigo campo de prisioneiros de Stalin. Senti-me chamado a viver a espiritualidade do Beato Charles De Foucauld depois de um retiro de 40 dias em que ouvi: \u201cv\u00e1 rezar nos campos\u201d. Eu sabia que isso significava ir para l\u00e1 livremente, sem reservas, pelo resto da minha vida.<\/p>\n<p>Assim, durante estes 25 anos, eu tenho rezado pela cura das fam\u00edlias que foram dilaceradas pelo comunismo ateu; <a href=\"https:\/\/www.youtube.com\/watch?v=xu7JN7Z4W3M&amp;t=38s\" target=\"_blank\" rel=\"noopener\">regime este que promoveu o aborto, negou a realidade de Deus e atacou a Igreja<\/a>. Hoje mais do que nunca, com nossa cultura ocidental promovendo o aborto e esquecendo de Deus, precisamos dessa ora\u00e7\u00e3o de cura.<\/p>\n<p>Eu preguei o evangelho da esperan\u00e7a nesse lugar sombrio, marcado em sua hist\u00f3ria por receber pessoas para sofrer e ali morrer porque acreditavam em Deus. Estamos em um lugar escuro e precisamos de esperan\u00e7a, porque vemos ataques \u00e0 fam\u00edlia, ao casamento, aos doentes, aos idosos e \u00e0 nossa liberdade religiosa. Al\u00e9m disso, vemos um ensino culturalmente confuso sobre a sexualidade humana que nega a autoridade de Deus, seus princ\u00edpios morais e o ensino da Igreja. Precisamos deste evangelho da esperan\u00e7a mais do que nunca hoje. O que de fato est\u00e1 em risco? Nada menos que a salva\u00e7\u00e3o das almas.<\/p>\n<h2 data-fontsize=\"30\" data-lineheight=\"39\">O esc\u00e2ndalo da Cruz: salva\u00e7\u00e3o para a R\u00fassia e para o mundo<\/h2>\n<p>Proclamei o esc\u00e2ndalo da cruz neste lugar da Sib\u00e9ria, na R\u00fassia, chamado de \u2018parque do diabo\u2019. O esc\u00e2ndalo da cruz \u00e9 Deus oferecendo a si mesmo.<\/p>\n<p>\u201cSobre o madeiro, levou os nossos pecados em seu pr\u00f3prio corpo; a fim de que, mortos para os nossos pecados, viv\u00eassemos para a justi\u00e7a. Por suas feridas fostes curados\u201d. 1 Pd 2,24<\/p>\n<p>Estamos em um momento de esc\u00e2ndalos na Igreja; no entanto, tais esc\u00e2ndalos precisam ser levados verdadeiramente ao esc\u00e2ndalo da Cruz por meio da ora\u00e7\u00e3o profunda, do arrependimento, do pedir e dar perd\u00e3o. N\u00e3o h\u00e1 sa\u00edda do esc\u00e2ndalo do pecado sen\u00e3o por meio da Cruz de Cristo. \u201cN\u00f3s Vos adoramos e Vos bendizemos, Senhor Jesus. Porque pela Vossa Santa Cruz remistes o mundo\u201d.<\/p>\n<p>Nosso mundo precisa de uma Igreja humilde, constru\u00edda sobre cura e esperan\u00e7a, n\u00e3o s\u00f3 com as cabe\u00e7as inclinadas e joelhos no ch\u00e3o em arrependimento, mas tamb\u00e9m com os nossos cora\u00e7\u00f5es subindo como as asas das \u00e1guias, proclamando que Jesus Cristo \u00e9 o Senhor. \u00c9 espantoso para mim que tantos tenham uma expectativa t\u00e3o baixa em sua f\u00e9 e no seu relacionamento com Jesus Cristo.<\/p>\n<p>Irm\u00e3os e irm\u00e3s, isso \u00e9 o melhor que a morte de Jesus Cristo, o Filho de Deus, o salvador do mundo, pode fazer por n\u00f3s? Que vivemos apenas na mediocridade, no t\u00e9dio, no mundanismo, lutando com h\u00e1bitos e padr\u00f5es pecaminosos, mas vendo muito pouco progresso\u2026 \u00c9 isso mesmo?<\/p>\n<p>\u201cPor suas feridas voc\u00ea foi curado\u201d<\/p>\n<h2 data-fontsize=\"30\" data-lineheight=\"39\">\u201cPrecisamos de Jesus\u201d<\/h2>\n<p>\u00c9 em Jesus que o pecado \u00e9 morto, onde se vive realmente, onde tristezas, ang\u00fastias e medos d\u00e3o lugar \u00e0 alegria. Afinal, irm\u00e3os e irm\u00e3s, o mundo precisa de Jesus. Como tamb\u00e9m n\u00f3s precisamos de Jesus. Uma hist\u00f3ria de esperan\u00e7a.<\/p>\n<h2 data-fontsize=\"30\" data-lineheight=\"39\">A pequena Ilita<\/h2>\n<p>Ilita tinha 5 anos quando chegou sozinha \u00e0 nossa Missa dominical, durante um inverno de 40 graus abaixo de zero. Ela era t\u00e3o pequena que mal podia ver por cima do banco quando se ajoelhou. Ela n\u00e3o tinha antecedentes de f\u00e9; n\u00e3o possu\u00eda forma\u00e7\u00e3o catequ\u00e9tica. Sua fam\u00edlia n\u00e3o era religiosa. No entanto, l\u00e1 estava ela todos os domingos, me observando com uma aten\u00e7\u00e3o \u00fanica enquanto eu rezava no altar. Ela vinha para uma b\u00ean\u00e7\u00e3o na hora da comunh\u00e3o. Ent\u00e3o, depois de assistir \u00e0 missa por alguns meses, em um domingo, ela foi aben\u00e7oada e n\u00e3o se moveu. Eu a aben\u00e7oei de novo e ela permaneceu. Ela franziu a testa quando eu a pedi que voltasse para o seu lugar. Eu sabia que depois da missa eu seria repreendido por uma menina de 5 anos, mas eu n\u00e3o sabia por qu\u00ea.<\/p>\n<p>Logo que terminou a Missa, Ilita, com um olhar magoado, fez-me uma pergunta que mudou a defini\u00e7\u00e3o do meu sacerd\u00f3cio e definiu a miss\u00e3o da igreja para mim. Ela perguntou: \u201cPe. Michael, por que voc\u00ea n\u00e3o me deu Jesus? Eu queria Jesus. Por que voc\u00ea n\u00e3o me deu Jesus?\u201d Assim, um cora\u00e7\u00e3o de cinco anos de idade discernia o que para o mundo tamb\u00e9m \u00e9 desconhecido. Jesus no Sant\u00edssimo Sacramento. Esse cora\u00e7\u00e3o de cinco anos o queria de fato. E voc\u00ea sabe que o mundo quer e precisa dele.<\/p>\n<h2 data-fontsize=\"30\" data-lineheight=\"39\">\u201cPorque voc\u00ea n\u00e3o nos d\u00e1 Jesus?\u201d<\/h2>\n<p>Desse modo, naquele momento, eu imaginava homens e mulheres \u201cde todas as na\u00e7\u00f5es, ra\u00e7as e de todos os tempos, enormes multid\u00f5es atr\u00e1s de Ilita com olhares desesperados e dolorosos clamando a mim como um sacerdote e a n\u00f3s, a Sua Igreja. \u201cPor que voc\u00ea n\u00e3o nos d\u00e1 Jesus? N\u00f3s queremos Jesus\u201d. N\u00f3s somos o corpo partido de Cristo que precisa de cura e esperan\u00e7a. N\u00f3s precisamos de Jesus. Por qu\u00ea? Porque s\u00f3 podemos dar o que temos. O mundo ent\u00e3o nos julgar\u00e1 se dermos muito pouco. Podemos dar o nosso ser quebrado, ou seja, nosso ser ferido, ou doar aquele que foi quebrado, partido, por n\u00f3s. Jesus. O salvador do mundo. Aquele que morreu por nosso ego\u00edsmo e pecaminosidade a fim de que pud\u00e9ssemos ser libertados para amar como Ele, como Jesus. E o que significa afinal amar como Jesus? Olhe para a Cruz.<\/p>\n<h2 data-fontsize=\"30\" data-lineheight=\"39\">Amar como Ele amou<\/h2>\n<p>Um jovem muito pobre e ferido interiormente veio a mim. Ele era ent\u00e3o desagrad\u00e1vel e ingrato, e eu n\u00e3o sentia vontade de ajud\u00e1-lo, muito menos de am\u00e1-lo. Assim, o Senhor me falou estas palavras simples enquanto eu rezava diante do Sant\u00edssimo Sacramento: \u201cEu morri por ele. Voc\u00ea vai?\u201d O amor \u00e9 a Cruz de Cristo. Minha vida pela a sua.<\/p>\n<p>Eu estou h\u00e1 25 anos em um antigo campo de prisioneiros de Stalin. Eu tenho mais esperan\u00e7a do que posso expressar. Al\u00e9m disso, tenho mais alegria em meu cora\u00e7\u00e3o que posso proclamar. Por qu\u00ea? Porque, como S\u00e3o Paulo, \u201ceu considero tudo como perda por causa do extraordin\u00e1rio valor de conhecer a Cristo Jesus, meu Senhor\u201d. Fl 3, 8.<\/p>\n<p>Sim, o corpo partido de Cristo, meus queridos irm\u00e3os e irm\u00e3s na f\u00e9; vamos dar ao mundo o que de fato ele procura \u2013 Jesus. Maria, querida m\u00e3e, leva-nos assim ao teu Filho Jesus, para que o mundo possa ser salvo. Agora e para sempre.<\/p>\n<\/div>\n","protected":false},"excerpt":{"rendered":"<p>\u201cLouvado seja Jesus Cristo \u2013 agora e para sempre!\u201d. Esta \u00e9 a tradu\u00e7\u00e3o da sauda\u00e7\u00e3o cat\u00f3lica na R\u00fassia. Mais uma vez: \u201cLouvado seja Jesus Cristo \u2013 agora e para sempre\u201d. Maravilhoso. Vamos nos entusiasmar com Jesus no Encontro Mundial das Fam\u00edlias. O chamado Sou do Alasca e meu nome \u00e9 Pe. Michael Shields. Vivi os [&hellip;]<\/p>\n","protected":false},"author":1,"featured_media":44054,"comment_status":"open","ping_status":"closed","sticky":false,"template":"","format":"standard","meta":{"footnotes":""},"categories":[4],"tags":[],"class_list":["post-44053","post","type-post","status-publish","format-standard","has-post-thumbnail","hentry","category-cotidiano"],"_links":{"self":[{"href":"https:\/\/catolicanet.net\/wp-cnet\/wp-json\/wp\/v2\/posts\/44053","targetHints":{"allow":["GET"]}}],"collection":[{"href":"https:\/\/catolicanet.net\/wp-cnet\/wp-json\/wp\/v2\/posts"}],"about":[{"href":"https:\/\/catolicanet.net\/wp-cnet\/wp-json\/wp\/v2\/types\/post"}],"author":[{"embeddable":true,"href":"https:\/\/catolicanet.net\/wp-cnet\/wp-json\/wp\/v2\/users\/1"}],"replies":[{"embeddable":true,"href":"https:\/\/catolicanet.net\/wp-cnet\/wp-json\/wp\/v2\/comments?post=44053"}],"version-history":[{"count":1,"href":"https:\/\/catolicanet.net\/wp-cnet\/wp-json\/wp\/v2\/posts\/44053\/revisions"}],"predecessor-version":[{"id":44055,"href":"https:\/\/catolicanet.net\/wp-cnet\/wp-json\/wp\/v2\/posts\/44053\/revisions\/44055"}],"wp:featuredmedia":[{"embeddable":true,"href":"https:\/\/catolicanet.net\/wp-cnet\/wp-json\/wp\/v2\/media\/44054"}],"wp:attachment":[{"href":"https:\/\/catolicanet.net\/wp-cnet\/wp-json\/wp\/v2\/media?parent=44053"}],"wp:term":[{"taxonomy":"category","embeddable":true,"href":"https:\/\/catolicanet.net\/wp-cnet\/wp-json\/wp\/v2\/categories?post=44053"},{"taxonomy":"post_tag","embeddable":true,"href":"https:\/\/catolicanet.net\/wp-cnet\/wp-json\/wp\/v2\/tags?post=44053"}],"curies":[{"name":"wp","href":"https:\/\/api.w.org\/{rel}","templated":true}]}}