{"id":44031,"date":"2018-09-24T09:53:08","date_gmt":"2018-09-24T12:53:08","guid":{"rendered":"http:\/\/catolicanet.net\/wp-cnet\/?p=44031"},"modified":"2018-09-24T14:24:05","modified_gmt":"2018-09-24T17:24:05","slug":"representantes-da-comissao-pastoral-para-o-laicato-apresentam-em-roma-experiencia-do-ano-nacional-do-laicato","status":"publish","type":"post","link":"https:\/\/catolicanet.net\/wp-cnet\/representantes-da-comissao-pastoral-para-o-laicato-apresentam-em-roma-experiencia-do-ano-nacional-do-laicato\/","title":{"rendered":"Representantes da Comiss\u00e3o Pastoral para o Laicato apresentam, em Roma, experi\u00eancia do Ano Nacional do Laicato"},"content":{"rendered":"<p>Representantes da Comiss\u00e3o Episcopal Pastoral o para o Laicato da Confer\u00eancia Nacional dos Bispos do Brasil (CNBB) e do Conselho Nacional do Laicato do Brasil (CNLB) embarcam, nesta segunda-feira, 24 de setembro, para Roma onde participar\u00e3o de um encontro promovido pelo Dicast\u00e9rio dos Leigos, Fam\u00edlia e Vida sobre a \u201cPromo\u00e7\u00e3o e Forma\u00e7\u00e3o dos Fieis Leigos: Boas Pr\u00e1ticas\u201d de 25 a 28 de setembro desta semana.<\/p>\n<p>Segundo o bispo de Ca\u00e7ador (SC), dom Severino Clasen, presidente da Comiss\u00e3o para o Laicato, 15 confer\u00eancias episcopais da \u00c1frica, Am\u00e9rica do Sul, Am\u00e9rica do Norte, Am\u00e9rica Central, \u00c1sia, Oceania e Europa foram convidadas para compartilhar suas experi\u00eancias e refletir sobre os processos e indicativos para a forma\u00e7\u00e3o de leigos. \u201cSer\u00e1 uma possibilidade de dialogarmos com outras confer\u00eancias encorajando-as para que valorizem o laicato como vem fazendo a CNBB\u201d, disse.<\/p>\n<div id=\"attachment_201144\" class=\"wp-caption alignleft\">\n<p><img loading=\"lazy\" decoding=\"async\" class=\"wp-image-201144 size-medium\" src=\"http:\/\/www.cnbb.org.br\/wp-content\/uploads\/sites\/32\/2018\/09\/Marilza-300x200.jpg\" srcset=\"http:\/\/www.cnbb.org.br\/wp-content\/uploads\/sites\/32\/2018\/09\/Marilza-300x200.jpg 300w, http:\/\/www.cnbb.org.br\/wp-content\/uploads\/sites\/32\/2018\/09\/Marilza.jpg 640w\" alt=\"\" width=\"300\" height=\"200\" \/><\/p>\n<p class=\"wp-caption-text\">Foto: Assessoria de Imprensa CNBB\/Matheus de Souza<\/p>\n<\/div>\n<p>Segundo a presidente do CNLB, Marilza Lopes Schuina, os representantes brasileiros v\u00e3o apresentar em Roma: a) o Ano Nacional do Laicato no Brasil; b) a experi\u00eancia do Centro Nacional de F\u00e9 e Pol\u00edtica e das Escolas de Forma\u00e7\u00e3o; c) forma\u00e7\u00e3o organizada pelo Instituto de Pastoral Regional (IPAR), Regional Norte; e c) O processo de forma\u00e7\u00e3o desenvolvido pelo Conselho Nacional do Laicato do Brasil, organismo de Comunh\u00e3o Eclesial que busca o aprofundamento da voca\u00e7\u00e3o laical.<\/p>\n<p>Dom Severino tamb\u00e9m informou que na quarta-feira, dia 26, os bispos ter\u00e3o uma reuni\u00e3o com o papa Francisco. \u201cManifestaremos nosso apoio ao papa e tamb\u00e9m teremos a oportunidade de falar o que est\u00e1 acontecendo no Ano Nacional do Laicato. Vamos mostrar ao papa que estamos com ele\u201d, disse.<\/p>\n<p>O Laudelino Augusto dos Santos, assessor da Comiss\u00e3o Episcopal Pastoral o para o Laicato da CNBB tamb\u00e9m integra esta comitiva que representar\u00e1 a confer\u00eancia brasileira. Os representantes brasileiros tamb\u00e9m abordar\u00e3o os v\u00e1rios \u201cCursos de Teologia\u201d para leigos e leigas oferecidos por dioceses, regionais e faculdades.<\/p>\n","protected":false},"excerpt":{"rendered":"<p>Representantes da Comiss\u00e3o Episcopal Pastoral o para o Laicato da Confer\u00eancia Nacional dos Bispos do Brasil (CNBB) e do Conselho Nacional do Laicato do Brasil (CNLB) embarcam, nesta segunda-feira, 24 de setembro, para Roma onde participar\u00e3o de um encontro promovido pelo Dicast\u00e9rio dos Leigos, Fam\u00edlia e Vida sobre a \u201cPromo\u00e7\u00e3o e Forma\u00e7\u00e3o dos Fieis Leigos: [&hellip;]<\/p>\n","protected":false},"author":1,"featured_media":44032,"comment_status":"open","ping_status":"closed","sticky":false,"template":"","format":"standard","meta":{"footnotes":""},"categories":[7],"tags":[],"class_list":["post-44031","post","type-post","status-publish","format-standard","has-post-thumbnail","hentry","category-cnbb"],"_links":{"self":[{"href":"https:\/\/catolicanet.net\/wp-cnet\/wp-json\/wp\/v2\/posts\/44031","targetHints":{"allow":["GET"]}}],"collection":[{"href":"https:\/\/catolicanet.net\/wp-cnet\/wp-json\/wp\/v2\/posts"}],"about":[{"href":"https:\/\/catolicanet.net\/wp-cnet\/wp-json\/wp\/v2\/types\/post"}],"author":[{"embeddable":true,"href":"https:\/\/catolicanet.net\/wp-cnet\/wp-json\/wp\/v2\/users\/1"}],"replies":[{"embeddable":true,"href":"https:\/\/catolicanet.net\/wp-cnet\/wp-json\/wp\/v2\/comments?post=44031"}],"version-history":[{"count":2,"href":"https:\/\/catolicanet.net\/wp-cnet\/wp-json\/wp\/v2\/posts\/44031\/revisions"}],"predecessor-version":[{"id":44065,"href":"https:\/\/catolicanet.net\/wp-cnet\/wp-json\/wp\/v2\/posts\/44031\/revisions\/44065"}],"wp:featuredmedia":[{"embeddable":true,"href":"https:\/\/catolicanet.net\/wp-cnet\/wp-json\/wp\/v2\/media\/44032"}],"wp:attachment":[{"href":"https:\/\/catolicanet.net\/wp-cnet\/wp-json\/wp\/v2\/media?parent=44031"}],"wp:term":[{"taxonomy":"category","embeddable":true,"href":"https:\/\/catolicanet.net\/wp-cnet\/wp-json\/wp\/v2\/categories?post=44031"},{"taxonomy":"post_tag","embeddable":true,"href":"https:\/\/catolicanet.net\/wp-cnet\/wp-json\/wp\/v2\/tags?post=44031"}],"curies":[{"name":"wp","href":"https:\/\/api.w.org\/{rel}","templated":true}]}}