{"id":44029,"date":"2018-09-24T09:24:05","date_gmt":"2018-09-24T12:24:05","guid":{"rendered":"http:\/\/catolicanet.net\/wp-cnet\/?p=44029"},"modified":"2018-09-24T09:33:30","modified_gmt":"2018-09-24T12:33:30","slug":"liberdade-e-gratuidade","status":"publish","type":"post","link":"https:\/\/catolicanet.net\/wp-cnet\/liberdade-e-gratuidade\/","title":{"rendered":"Liberdade e gratuidade"},"content":{"rendered":"<p>Ao lado da liberdade e da gratuidade encontramos tamb\u00e9m a justi\u00e7a. Todas essas virtudes s\u00e3o dons de Deus, porque \u201ca lei do Senhor Deus \u00e9 perfeita, alegria do cora\u00e7\u00e3o\u201d (Sl 18). A justi\u00e7a nesse contexto \u00e9 entendida como retid\u00e3o, significando que n\u00e3o \u00e9 poss\u00edvel aceitar um modo de viver de forma injusta e prejudicial \u00e0s pessoas. N\u00e3o confundir liberdade e gratuidade com arbitrariedade.<\/p>\n<p>Agir com liberdade significa maturidade, crit\u00e9rio de respeito em rela\u00e7\u00e3o ao outro, reconhecendo o valor da identidade de cada pessoa. Isso conduz tamb\u00e9m \u00e0 gratuidade, ao reconhecimento da riqueza contida na capacidade de poder fazer o bem. A gratuidade amadurece a pessoa e faz com que ela seja solid\u00e1ria para com as outras de seu conv\u00edvio. Eleva sua autoestima e a faz viver bem.<\/p>\n<p>Um dado importante na vida das pessoas \u00e9 a capacidade de doa\u00e7\u00e3o, de ir ao encontro dos outros. \u00c9 ato de liberdade, que sai de dentro da pessoa com inspira\u00e7\u00e3o de fazer o bem. No Evangelho diz que o maior entre eles era o servidor de todos (cf. Mt 9,35). Todas essas realidades sup\u00f5em toler\u00e2ncia e sabedoria como instrumentos de conviv\u00eancia na liberdade e na gratuidade.<\/p>\n<p>Saber administrar bem a pr\u00f3pria conduta n\u00e3o \u00e9 t\u00e3o f\u00e1cil, porque todos n\u00f3s trazemos as marcas e as influ\u00eancias da maldade proporcionadas pelo esp\u00edrito do mundo. Na verdade, o bem e o mal estiveram sempre misturados na hist\u00f3ria das culturas e, muito mais hoje quando presenciamos uma realidade totalmente secularizada. Mas n\u00e3o podemos deixar que o mal extirpe o bem em nossos atos.<\/p>\n<p>Liberdade n\u00e3o significa poder praticar esc\u00e2ndalos e nem conduzir as pessoas para a pr\u00e1tica do mal. O ap\u00f3stolo Paulo diz: \u201cN\u00e3o damos a ningu\u00e9m motivo de esc\u00e2ndalo, para que o nosso minist\u00e9rio n\u00e3o seja desacreditado\u201d (II Cor 6,3). \u00c9 livre quem reconhece valores na vida dos outros e consegue despertar nas pessoas a pr\u00e1tica da responsabilidade no gerir a vida social e comunit\u00e1ria.<\/p>\n<p>A liberdade da f\u00e9 sup\u00f5e solidariedade humana, ades\u00e3o n\u00e3o s\u00f3 a um projeto de vida, mas a uma pessoa, a Jesus Cristo, a um caminho de toler\u00e2ncia e de acolhida fraterna. Quem assim age sente o dever da gratid\u00e3o, porque o olhar de Deus penetra no seu interior e o transforma por dentro. Com isso a pessoa \u00e9 capaz de sair de sua autorrefencialidade e praticar atos de gratuidade.<\/p>\n","protected":false},"excerpt":{"rendered":"<p>Ao lado da liberdade e da gratuidade encontramos tamb\u00e9m a justi\u00e7a. Todas essas virtudes s\u00e3o dons de Deus, porque \u201ca lei do Senhor Deus \u00e9 perfeita, alegria do cora\u00e7\u00e3o\u201d (Sl 18). A justi\u00e7a nesse contexto \u00e9 entendida como retid\u00e3o, significando que n\u00e3o \u00e9 poss\u00edvel aceitar um modo de viver de forma injusta e prejudicial \u00e0s [&hellip;]<\/p>\n","protected":false},"author":11,"featured_media":32781,"comment_status":"open","ping_status":"closed","sticky":false,"template":"","format":"standard","meta":{"footnotes":""},"categories":[9],"tags":[],"class_list":["post-44029","post","type-post","status-publish","format-standard","has-post-thumbnail","hentry","category-artigos"],"_links":{"self":[{"href":"https:\/\/catolicanet.net\/wp-cnet\/wp-json\/wp\/v2\/posts\/44029","targetHints":{"allow":["GET"]}}],"collection":[{"href":"https:\/\/catolicanet.net\/wp-cnet\/wp-json\/wp\/v2\/posts"}],"about":[{"href":"https:\/\/catolicanet.net\/wp-cnet\/wp-json\/wp\/v2\/types\/post"}],"author":[{"embeddable":true,"href":"https:\/\/catolicanet.net\/wp-cnet\/wp-json\/wp\/v2\/users\/11"}],"replies":[{"embeddable":true,"href":"https:\/\/catolicanet.net\/wp-cnet\/wp-json\/wp\/v2\/comments?post=44029"}],"version-history":[{"count":1,"href":"https:\/\/catolicanet.net\/wp-cnet\/wp-json\/wp\/v2\/posts\/44029\/revisions"}],"predecessor-version":[{"id":44030,"href":"https:\/\/catolicanet.net\/wp-cnet\/wp-json\/wp\/v2\/posts\/44029\/revisions\/44030"}],"wp:featuredmedia":[{"embeddable":true,"href":"https:\/\/catolicanet.net\/wp-cnet\/wp-json\/wp\/v2\/media\/32781"}],"wp:attachment":[{"href":"https:\/\/catolicanet.net\/wp-cnet\/wp-json\/wp\/v2\/media?parent=44029"}],"wp:term":[{"taxonomy":"category","embeddable":true,"href":"https:\/\/catolicanet.net\/wp-cnet\/wp-json\/wp\/v2\/categories?post=44029"},{"taxonomy":"post_tag","embeddable":true,"href":"https:\/\/catolicanet.net\/wp-cnet\/wp-json\/wp\/v2\/tags?post=44029"}],"curies":[{"name":"wp","href":"https:\/\/api.w.org\/{rel}","templated":true}]}}