{"id":44025,"date":"2018-09-23T08:53:59","date_gmt":"2018-09-23T11:53:59","guid":{"rendered":"http:\/\/catolicanet.net\/wp-cnet\/?p=44025"},"modified":"2018-09-24T08:58:55","modified_gmt":"2018-09-24T11:58:55","slug":"escandalizando-os-pequeninos","status":"publish","type":"post","link":"https:\/\/catolicanet.net\/wp-cnet\/escandalizando-os-pequeninos\/","title":{"rendered":"Escandalizando os pequeninos"},"content":{"rendered":"<p>N\u00e3o fosse a miseric\u00f3rdia de Deus e a afirmativa de seu Filho de que n\u00e3o saber\u00edamos nem o dia, nem a hora, diria com convic\u00e7\u00e3o que os dias finais chegaram. Em nome de uma educa\u00e7\u00e3o deliberadamente permissiva, movimentos que se dizem de vanguarda chegaram ao extremo de suas prerrogativas ao assumirem agendas de uma educa\u00e7\u00e3o sem freios, sem moral, sem nada de construtivo para nossas crian\u00e7as. N\u00e3o \u00e9 preciso nem detalhar o conte\u00fado dessa tal ideologia de g\u00eanero, cuja raz\u00e3o vem permeada de um objetivo estritamente avassalador para o conceito de fam\u00edlia, que ainda resiste numa sociedade corrompida e assustada com tantos ataques \u00e0 sua raz\u00e3o de ser. Esse \u00e9 o objetivo: destruir a fam\u00edlia.<\/p>\n<p>Dar a uma crian\u00e7a de cinco, seis ou dez anos a liberdade de experimentar antes qualquer contato sexual ou libidinoso, seja com parceiros de mesmo ou de sexo oposto, dizendo ser isso uma experi\u00eancia positiva para seu futuro, suas op\u00e7\u00f5es e escolhas, \u00e9 uma aberra\u00e7\u00e3o sem limites. Primeiro porque nessa faixa et\u00e1ria (fora da puberdade), nenhuma crian\u00e7a est\u00e1 preocupada ou interessada no assunto. Sequer se despertou para tal e, quando muito, uma leve curiosidade foi lhe incutida frente \u00e0 deliberada sensualidade que uma sociedade corrompida n\u00e3o se preocupa em disfar\u00e7ar. Escandalizam muitos dos nossos pequeninos sem se darem conta do mal que produzem. Ai de n\u00f3s!<\/p>\n<p>O que mais me preocupa, no entanto, \u00e9 a raz\u00e3o desse movimento demon\u00edaco. Isso mesmo, a\u00e7\u00e3o sat\u00e2nica que domina veios pol\u00edticos, estudantis e at\u00e9 mesmo religiosos. O Diabo est\u00e1 solto&#8230; Em nome de liberdade de conduta, da modernidade, de outras balelas mais, agem descaradamente em nossas escolas e redes sociais, semeando n\u00e3o esta, mas a libertinagem pura e simples. H\u00e3o de colher seus frutos, mas sem o sabor que almejam. A ma\u00e7\u00e3 do \u00c9den agora vem embalada com o celofane dum pecado social amargo e putrefato: macula a pureza e inoc\u00eancia de nossas crian\u00e7as. Chegamos ao c\u00famulo de ouvir de um representante pol\u00edtico brasileiro (n\u00e3o merece sequer ser citado nominalmente) de que a pedofilia n\u00e3o pode ser considerada crime, pois \u00e9 uma experi\u00eancia capaz de construir a \u201cmaturidade\u201d de uma crian\u00e7a. Por outro lado, m\u00e3es de \u201ccabe\u00e7a aberta\u201d, s\u00e3o capazes de oferecer suas filhas ainda adolescentes para suas primeiras experi\u00eancias sexuais e aplaudi-las depois cobrando-lhes detalhes da experi\u00eancia. Assim tamb\u00e9m, pais que se dizem \u201cmodernos\u201d, financiam aos filhos suas primeiras aventuras em casas de \u201cfavores sexuais\u201d.<\/p>\n<p>O cen\u00e1rio de fundo desses fatos \u00e9 muito mais negro do que ensolarado. Os que planejam uma nova ordem social, sem peias religiosas, moralistas ou tradicionalistas, t\u00eam na fam\u00edlia um obst\u00e1culo de resist\u00eancia. Destr\u00f3i-se essa muralha social e tem-se uma massa de manobra muito mais flex\u00edvel para suas a\u00e7\u00f5es de mando e desmando. Quebra-se a espiritualidade e religiosidade de um povo e as imposi\u00e7\u00f5es pol\u00edticas perdem o par\u00e2metro da justi\u00e7a e da igualdade de direitos. Essa \u00e9 a meta, o cen\u00e1rio ideal para as for\u00e7as pol\u00edticas que pensam nos governar. Mas os poderes de Deus est\u00e3o acima de tudo. Principalmente quando nossas crian\u00e7as s\u00e3o acolhidas e radicalmente protegidas por Ele, o Homem sem as manchas de nossa podrid\u00e3o, de nossos pecados mais imundos. \u201cDeixai vir a mim as criancinhas\u201d, pois \u00e9 dela a alegria do Reino, o verdadeiro sistema da governabilidade humana. \u201cQuem acolher em meu nome uma dessas crian\u00e7as \u00e9 a mim que estar\u00e1 acolhendo\u201d. Quem proteger a pureza e a inoc\u00eancia de uma crian\u00e7a, estar\u00e1 igualmente refor\u00e7ando as promessas divinas a seu povo. Colocando Deus em nosso meio. Protegendo o futuro que sonhamos com mais humanidade, n\u00e3o bestialidade, mais justi\u00e7a, n\u00e3o desgoverno; mais respeito humano, n\u00e3o sadismo e ego\u00edsmo. Saiba, pois, diferenciar entre os partidos e candidatos que escolhemos aqueles que, antes dos projetos de poderes sem limites, ser\u00e3o capazes de proteger o maior de nossos predicados humanos, a esperan\u00e7a sempre sintetizada na ingenuidade, na fragilidade, na inoc\u00eancia e na pureza de qualquer crian\u00e7a. Delas ainda depende nosso futuro.<\/p>\n","protected":false},"excerpt":{"rendered":"<p>N\u00e3o fosse a miseric\u00f3rdia de Deus e a afirmativa de seu Filho de que n\u00e3o saber\u00edamos nem o dia, nem a hora, diria com convic\u00e7\u00e3o que os dias finais chegaram. Em nome de uma educa\u00e7\u00e3o deliberadamente permissiva, movimentos que se dizem de vanguarda chegaram ao extremo de suas prerrogativas ao assumirem agendas de uma educa\u00e7\u00e3o [&hellip;]<\/p>\n","protected":false},"author":17,"featured_media":32776,"comment_status":"open","ping_status":"closed","sticky":false,"template":"","format":"standard","meta":{"footnotes":""},"categories":[9],"tags":[],"class_list":["post-44025","post","type-post","status-publish","format-standard","has-post-thumbnail","hentry","category-artigos"],"_links":{"self":[{"href":"https:\/\/catolicanet.net\/wp-cnet\/wp-json\/wp\/v2\/posts\/44025","targetHints":{"allow":["GET"]}}],"collection":[{"href":"https:\/\/catolicanet.net\/wp-cnet\/wp-json\/wp\/v2\/posts"}],"about":[{"href":"https:\/\/catolicanet.net\/wp-cnet\/wp-json\/wp\/v2\/types\/post"}],"author":[{"embeddable":true,"href":"https:\/\/catolicanet.net\/wp-cnet\/wp-json\/wp\/v2\/users\/17"}],"replies":[{"embeddable":true,"href":"https:\/\/catolicanet.net\/wp-cnet\/wp-json\/wp\/v2\/comments?post=44025"}],"version-history":[{"count":1,"href":"https:\/\/catolicanet.net\/wp-cnet\/wp-json\/wp\/v2\/posts\/44025\/revisions"}],"predecessor-version":[{"id":44026,"href":"https:\/\/catolicanet.net\/wp-cnet\/wp-json\/wp\/v2\/posts\/44025\/revisions\/44026"}],"wp:featuredmedia":[{"embeddable":true,"href":"https:\/\/catolicanet.net\/wp-cnet\/wp-json\/wp\/v2\/media\/32776"}],"wp:attachment":[{"href":"https:\/\/catolicanet.net\/wp-cnet\/wp-json\/wp\/v2\/media?parent=44025"}],"wp:term":[{"taxonomy":"category","embeddable":true,"href":"https:\/\/catolicanet.net\/wp-cnet\/wp-json\/wp\/v2\/categories?post=44025"},{"taxonomy":"post_tag","embeddable":true,"href":"https:\/\/catolicanet.net\/wp-cnet\/wp-json\/wp\/v2\/tags?post=44025"}],"curies":[{"name":"wp","href":"https:\/\/api.w.org\/{rel}","templated":true}]}}