{"id":43876,"date":"2018-09-19T09:15:47","date_gmt":"2018-09-19T12:15:47","guid":{"rendered":"http:\/\/catolicanet.net\/wp-cnet\/?p=43876"},"modified":"2018-09-19T09:15:47","modified_gmt":"2018-09-19T12:15:47","slug":"novo-bispo-para-cruzeiro-do-sul-no-acre","status":"publish","type":"post","link":"https:\/\/catolicanet.net\/wp-cnet\/novo-bispo-para-cruzeiro-do-sul-no-acre\/","title":{"rendered":"Novo bispo para Cruzeiro do Sul, no Acre"},"content":{"rendered":"<p>O papa Francisco acolhendo o pedido de ren\u00fancia apresentado por dom Mos\u00e9 Jo\u00e3o Pontelo, por motivo de idade, nomeou na manh\u00e3 desta quarta-feira, 19, dom Flavio Giovenale como bispo da diocese de Cruzeiro do Sul, no Estado do Acre, transferindo-o de Santar\u00e9m, no Estado do Par\u00e1.<\/p>\n<p><strong>Dom Mos\u00e9 Jo\u00e3o Pontelo<\/strong><\/p>\n<div id=\"attachment_200813\" class=\"wp-caption alignright\"><img loading=\"lazy\" decoding=\"async\" class=\"wp-image-200813 size-medium\" src=\"http:\/\/www.cnbb.org.br\/wp-content\/uploads\/sites\/32\/2018\/09\/dom-Mose-renuncia-300x189.png\" srcset=\"http:\/\/www.cnbb.org.br\/wp-content\/uploads\/sites\/32\/2018\/09\/dom-Mose-renuncia-300x189.png 300w, http:\/\/www.cnbb.org.br\/wp-content\/uploads\/sites\/32\/2018\/09\/dom-Mose-renuncia-768x485.png 768w, http:\/\/www.cnbb.org.br\/wp-content\/uploads\/sites\/32\/2018\/09\/dom-Mose-renuncia-1024x647.png 1024w, http:\/\/www.cnbb.org.br\/wp-content\/uploads\/sites\/32\/2018\/09\/dom-Mose-renuncia.png 1042w\" alt=\"\" width=\"300\" height=\"189\" \/><\/p>\n<p class=\"wp-caption-text\">Dom Mos\u00e9<\/p>\n<\/div>\n<p>Natural de Sete Lagoas (MG), dom Mos\u00e9 Jo\u00e3o Pontelo estudou Filosofia no curso Seminar\u00edstico da Congrega\u00e7\u00e3o do Esp\u00edrito Santo, em Teres\u00f3polis (RJ) e Teologia, em Divin\u00f3polis (MG). Foi ordenado bispo coadjutor de Cruzeiro do Sul em 1998, tomando posse na diocese em 2001. Seu lema \u00e9 \u201cAlegria no Esp\u00edrito\u201d.<\/p>\n<p>Em sua trajet\u00f3ria sacerdotal exerceu uma s\u00e9rie de atividades. Foi p\u00e1roco na Par\u00f3quia Divino Esp\u00edrito Santo: Divino das Laranjeiras, em Minas Gerais de 1968 a 1971; Vig\u00e1rio Paroquial na Par\u00f3quia Nossa Senhora de Lourdes, em Governador Valadares (MG); P\u00e1roco de Nossa Senhora de Lourdes, em Governador Valadares (MG); P\u00e1roco de S\u00e3o Jo\u00e3o Batista, na arquidiocese de S\u00e3o Paulo; Superior Principal, no Distrito Sul do Brasil; Superior Provincial da Prov\u00edncia do Brasil da Congrega\u00e7\u00e3o Esp\u00edrito Santo, entre outras fun\u00e7\u00f5es.<\/p>\n<p><strong>Dom Flavio Giovenale<\/strong><\/p>\n<p>Dom Fl\u00e1vio nasceu na It\u00e1lia, em Murello, prov\u00edncia de C\u00faneo, em 5 de junho de 1954. Chegou no Brasil em 13 de setembro de 1974, em Bel\u00e9m. Estudou Filosofia em Lorena (SP), nos anos de 1975 a 1976. Tamb\u00e9m em S\u00e3o Paulo estudou Teologia, no Instituto Teol\u00f3gico Pio XI, de 1978 a 1981. Nos anos 1984 a 1985 esteve em Roma, na Universidade Salesiana, onde recebeu o mestrado em espiritualidade.<\/p>\n<div id=\"attachment_200812\" class=\"wp-caption alignleft\"><img loading=\"lazy\" decoding=\"async\" class=\"wp-image-200812 size-medium\" src=\"http:\/\/www.cnbb.org.br\/wp-content\/uploads\/sites\/32\/2018\/09\/Dom-Flavio-nomeacao1-300x189.png\" srcset=\"http:\/\/www.cnbb.org.br\/wp-content\/uploads\/sites\/32\/2018\/09\/Dom-Flavio-nomeacao1-300x189.png 300w, http:\/\/www.cnbb.org.br\/wp-content\/uploads\/sites\/32\/2018\/09\/Dom-Flavio-nomeacao1-768x485.png 768w, http:\/\/www.cnbb.org.br\/wp-content\/uploads\/sites\/32\/2018\/09\/Dom-Flavio-nomeacao1-1024x646.png 1024w, http:\/\/www.cnbb.org.br\/wp-content\/uploads\/sites\/32\/2018\/09\/Dom-Flavio-nomeacao1.png 1043w\" alt=\"\" width=\"300\" height=\"189\" \/><\/p>\n<p class=\"wp-caption-text\">Dom Fl\u00e1vio<\/p>\n<\/div>\n<p>De volta ao Brasil em 1986, desenvolveu cinco anos de trabalho pastoral em Manaus, no Bairro do Aleixo como P\u00e1roco, Diretor das Obras Sociais e Diretor do Semin\u00e1rio.\u00a0 Foi eleito Conselheiro Administrador da Prov\u00edncia Salesiana e Manaus, Encarregado das Obras Sociais e Fundador do Projeto \u201cUni\u00e3o pela vida\u201d. Em 1997, o papa Jo\u00e3o Paulo II\u00ba o nomeou\u00a0bispo de Abaetetuba, no Par\u00e1.<\/p>\n<p>Foi secret\u00e1rio (1999-2003), vice-presidente (2003-2004) e presidente (2004-2007) do regional Norte 2 da CNBB. Antes, trabalhou na Pastoral Vocacional no Par\u00e1 entre 1982 e 1983. Tamb\u00e9m exerceu os postos de Reitor do Semin\u00e1rio Menor em Manaus, de 1986 a 1989; Reitor do Semin\u00e1rio Maior em Manaus, de 1990 a 1991; Ec\u00f4nomo da Prov\u00edncia, de 1992 a 1997 e tamb\u00e9m Procurador Mission\u00e1rio para o Brasil, de 1994 a 1997. Em setembro de 2012 foi nomeado bispo da diocese de Santar\u00e9m, no Par\u00e1.<\/p>\n<p><strong>Sauda\u00e7\u00e3o<\/strong><\/p>\n<p>A Confer\u00eancia Nacional dos Bispos do Brasil (CNBB) enviou sauda\u00e7\u00e3o ao novo bispo de Cruzeiro do Sul, dom Flavio Giovenale. Confira, abaixo, o texto na \u00edntegra:<\/p>\n<p>&nbsp;<\/p>\n<p><strong>Sauda\u00e7\u00e3o da CNBB a dom Flavio Giovenale<\/strong><\/p>\n<p>Bras\u00edlia, 19 de setembro de 2018<\/p>\n<p><em>Prezado Irm\u00e3o, dom Flavio Giovenale.<\/em><\/p>\n<p><em>A Confer\u00eancia Nacional dos Bispos do Brasil (CNBB) se alegra com sua nomea\u00e7\u00e3o para Cruzeiro do Sul (AC) publicada nesta quarta-feira, 19 de setembro. Agradecemos ao Papa Francisco que prov\u00ea pastores para nossas Igrejas Particulares.<\/em><\/p>\n<p><em>Sua contribui\u00e7\u00e3o para com a Igreja no Brasil \u00e9 imensa. Queremos destacar, especialmente, o seu trabalho sol\u00edcito feito pela Confer\u00eancia e pelos organismos a ela conexos. Apreciamos sua atua\u00e7\u00e3o no regional Norte 2 e sua dedica\u00e7\u00e3o, durante v\u00e1rios, \u00e0 Caritas Brasileira.<\/em><\/p>\n<p><em>Saudamos sua transfer\u00eancia, Irm\u00e3o evangelizador, com as palavras do Santo Padre: \u201cEvangelizadores com esp\u00edrito quer dizer evangelizadores que se abrem sem medo \u00e0 a\u00e7\u00e3o do Esp\u00edrito Santo. No Pentecostes, o Esp\u00edrito faz os Ap\u00f3stolos sa\u00edrem de si mesmos e transforma-os em anunciadores das maravilhas de Deus, que cada um come\u00e7a a entender na pr\u00f3pria l\u00edngua. Al\u00e9m disso, o Esp\u00edrito Santo infunde a for\u00e7a para anunciar a novidade do Evangelho com ousadia (parresia), em voz alta e em todo o tempo e lugar, mesmo contra-corrente. Invoquemo-Lo hoje, bem apoiados na ora\u00e7\u00e3o, sem a qual toda a a\u00e7\u00e3o corre o risco de ficar v\u00e3 e o an\u00fancio, no fim de contas, carece de alma. Jesus quer evangelizadores que anunciem a Boa Nova, n\u00e3o s\u00f3 com palavras mas sobretudo com uma vida transfigurada pela presen\u00e7a de Deus\u201d (EG, 259).<\/em><\/p>\n<p><em>Acolhemos a continuidade do seu minist\u00e9rio, rezamos pela sua caminhada. Desejamos uma vida cheia de frutos do Reino.<\/em><\/p>\n<p><strong>Cardeal Sergio da Rocha<br \/>\n<\/strong>Arcebispo de Bras\u00edlia<br \/>\nPresidente da CNBB<br \/>\n<strong>\u00a0<\/strong><\/p>\n<p><strong>Dom Leonardo Steiner<br \/>\n<\/strong>Bispo auxiliar de Bras\u00edlia<br \/>\nSecret\u00e1rio-Geral da CNBB<\/p>\n<p>&nbsp;<\/p>\n<p><strong>Nota de agradecimento<br \/>\n<\/strong><br \/>\nA Confer\u00eancia Nacional dos Bispos do Brasil (CNBB) tamb\u00e9m enviou nota de agradecimento a dom Mos\u00e9 Jo\u00e3o Pontelo. O texto \u00e9 assinado pelo presidente da CNBB, dom Sergio da Rocha e pelo secret\u00e1rio-geral, dom Leonardo Steiner. Confira, abaixo, na \u00edntegra:<\/p>\n<p>&nbsp;<\/p>\n<p><strong>Nota de agradecimento a dom Mos\u00e9 Jo\u00e3o Pontelo<\/strong><\/p>\n<p>&nbsp;<\/p>\n<p>Bras\u00edlia, 19 de setembro de 2018<\/p>\n<p><em>Prezado Irm\u00e3o, dom Mos\u00e9 Jo\u00e3o Pontelo.<\/em><\/p>\n<p><em>A Confer\u00eancia Nacional dos Bispos do Brasil (CNBB) recebeu, nesta quarta-feira, 19 de setembro, a not\u00edcia dada pela Nunciatura Apost\u00f3lica de que o Papa Francisco aceitou o seu pedido de ren\u00fancia ao governo pastoral da Diocese de Cruzeiro do Sul (AC). Agradecemos a sua dedica\u00e7\u00e3o e o seu trabalho desde 3 de janeiro de 2001 quando tomou posse na Diocese e passou a servir \u00e0s comunidades dessa por\u00e7\u00e3o do Povo de Deus no Vale do Juru\u00e1.<\/em><\/p>\n<p><em>Seu minist\u00e9rio \u00e9 reconhecidamente importante na hist\u00f3ria dessa regi\u00e3o do Acre. Considerando a palavra daqueles que conhecem de perto essa realidade, encontramos testemunhos que nos mostram que o senhor tem atuado em favor da educa\u00e7\u00e3o dos jovens e, particularmente, pela solidariedade humana nas comunidades mais carentes e abandonadas da regi\u00e3o. Seu trabalho tem sido, desse modo, um itiner\u00e1rio marcado pela entrega a Jesus Cristo e ao seu Evangelho de Amor e Justi\u00e7a.<\/em><\/p>\n<p><em>Marcamos o final do cumprimento de sua miss\u00e3o como bispo diocesano recorrendo a uma palavra do Papa Francisco dirigida aos bispos, inclusive os em\u00e9ritos, de Mo\u00e7ambique, em maio de 2015: \u201cExprimo-vos a minha gratid\u00e3o pelo generoso trabalho pastoral que levais a cabo nas vossas comunidades diocesanas e asseguro-vos a minha constante uni\u00e3o e solidariedade espiritual\u201d.<\/em><\/p>\n<p><em>Desejamos que sua vida continue aben\u00e7oada e a emeritude conserve o senhor sempre animado nas coisas do Reino. Receba o nosso abra\u00e7o fraterno.<\/em><\/p>\n<p><em>Em Cristo,<\/em><\/p>\n<p>&nbsp;<\/p>\n<p><strong>Cardeal Sergio da Rocha<br \/>\n<\/strong>Arcebispo de Bras\u00edlia<br \/>\nPresidente da CNBB<\/p>\n<p><strong>Dom Leonardo Steiner<br \/>\n<\/strong>Bispo auxiliar de Bras\u00edlia<br \/>\nSecret\u00e1rio-Geral da CNBB<\/p>\n","protected":false},"excerpt":{"rendered":"<p>O papa Francisco acolhendo o pedido de ren\u00fancia apresentado por dom Mos\u00e9 Jo\u00e3o Pontelo, por motivo de idade, nomeou na manh\u00e3 desta quarta-feira, 19, dom Flavio Giovenale como bispo da diocese de Cruzeiro do Sul, no Estado do Acre, transferindo-o de Santar\u00e9m, no Estado do Par\u00e1. Dom Mos\u00e9 Jo\u00e3o Pontelo Dom Mos\u00e9 Natural de Sete [&hellip;]<\/p>\n","protected":false},"author":1,"featured_media":43877,"comment_status":"open","ping_status":"closed","sticky":false,"template":"","format":"standard","meta":{"footnotes":""},"categories":[7],"tags":[],"class_list":["post-43876","post","type-post","status-publish","format-standard","has-post-thumbnail","hentry","category-cnbb"],"_links":{"self":[{"href":"https:\/\/catolicanet.net\/wp-cnet\/wp-json\/wp\/v2\/posts\/43876","targetHints":{"allow":["GET"]}}],"collection":[{"href":"https:\/\/catolicanet.net\/wp-cnet\/wp-json\/wp\/v2\/posts"}],"about":[{"href":"https:\/\/catolicanet.net\/wp-cnet\/wp-json\/wp\/v2\/types\/post"}],"author":[{"embeddable":true,"href":"https:\/\/catolicanet.net\/wp-cnet\/wp-json\/wp\/v2\/users\/1"}],"replies":[{"embeddable":true,"href":"https:\/\/catolicanet.net\/wp-cnet\/wp-json\/wp\/v2\/comments?post=43876"}],"version-history":[{"count":1,"href":"https:\/\/catolicanet.net\/wp-cnet\/wp-json\/wp\/v2\/posts\/43876\/revisions"}],"predecessor-version":[{"id":43878,"href":"https:\/\/catolicanet.net\/wp-cnet\/wp-json\/wp\/v2\/posts\/43876\/revisions\/43878"}],"wp:featuredmedia":[{"embeddable":true,"href":"https:\/\/catolicanet.net\/wp-cnet\/wp-json\/wp\/v2\/media\/43877"}],"wp:attachment":[{"href":"https:\/\/catolicanet.net\/wp-cnet\/wp-json\/wp\/v2\/media?parent=43876"}],"wp:term":[{"taxonomy":"category","embeddable":true,"href":"https:\/\/catolicanet.net\/wp-cnet\/wp-json\/wp\/v2\/categories?post=43876"},{"taxonomy":"post_tag","embeddable":true,"href":"https:\/\/catolicanet.net\/wp-cnet\/wp-json\/wp\/v2\/tags?post=43876"}],"curies":[{"name":"wp","href":"https:\/\/api.w.org\/{rel}","templated":true}]}}