{"id":43856,"date":"2018-09-18T14:43:04","date_gmt":"2018-09-18T17:43:04","guid":{"rendered":"http:\/\/catolicanet.net\/wp-cnet\/?p=43856"},"modified":"2018-09-18T14:43:04","modified_gmt":"2018-09-18T17:43:04","slug":"novo-documento-do-papa-sinodo-dos-bispos-a-servico-do-povo-de-deus","status":"publish","type":"post","link":"https:\/\/catolicanet.net\/wp-cnet\/novo-documento-do-papa-sinodo-dos-bispos-a-servico-do-povo-de-deus\/","title":{"rendered":"Novo documento do Papa: S\u00ednodo dos bispos a servi\u00e7o do Povo de Deus"},"content":{"rendered":"<div class=\"article__subTitle\">Consultar o Povo de Deus e ter uma Igreja sinodal: essas s\u00e3o as caracter\u00edsticas da Constitui\u00e7\u00e3o apost\u00f3lica Episcopalis communio publicada esta ter\u00e7a-feira.<\/div>\n<div class=\"title__separator\"><\/div>\n<div class=\"article__text\">\n<p><b>Giada Aquilino \u2013 Cidade do Vaticano<\/b><\/p>\n<p>Faltando poucos dias para o in\u00edcio do S\u00ednodo dos Bispos dedicado aos jovens, foi publicada esta ter\u00e7a-feira (18\/09) a Constitui\u00e7\u00e3o Apost\u00f3lica do Papa Francisco Episcopalis communio sobre a estrutura do organismo institu\u00eddo por Paulo VI em 1965.<\/p>\n<h2>Pelo bem de toda a Igreja<\/h2>\n<p>Francisco define a institui\u00e7\u00e3o do S\u00ednodo como uma das \u201cheran\u00e7as mais preciosas do Conc\u00edlio Vaticano II\u201d, e destaca a \u201ceficaz colabora\u00e7\u00e3o\u201d do organismo com o Romano Pont\u00edfice nas quest\u00f5es de maior import\u00e2ncia, isto \u00e9, que \u201crequerem uma especial ci\u00eancia e prud\u00eancia pelo bem de toda a Igreja\u201d. Neste momento hist\u00f3rico em que a Igreja abarca uma nova \u201cetapa evangelizadora\u201d, atrav\u00e9s de um estado permanente de miss\u00e3o, o S\u00ednodo dos bispos \u00e9 chamado a se tornar sempre mais um canal adequado para a evangeliza\u00e7\u00e3o do mundo de hoje.<\/p>\n<h2>A Secretaria Geral<\/h2>\n<p>Paulo VI havia previsto que, com o passar do tempo, esta institui\u00e7\u00e3o poderia ser aperfei\u00e7oada; a \u00faltima edi\u00e7\u00e3o do Ordo Synodi \u00e9 de 2006, promulgada por Bento XVI. Diante da efic\u00e1cia da a\u00e7\u00e3o sinodal, nesses anos cresceu o desejo de que o S\u00ednodo se torne sempre mais \u201cuma peculiar manifesta\u00e7\u00e3o e uma eficaz atua\u00e7\u00e3o da solicitude do episcopado para com todas as Igrejas\u201d.<\/p>\n<h2>A escuta<\/h2>\n<p>O bispo, reitera o Papa, \u00e9 contemporaneamente \u201cmestre e disc\u00edpulo\u201d, num compromisso que \u00e9 ao mesmo tempo miss\u00e3o e escuta da voz de Cristo que fala atrav\u00e9s do Povo de Deus. Tamb\u00e9m o S\u00ednodo ent\u00e3o \u201ctem que se tornar sempre mais um instrumento privilegiado de escuta do Povo de Deus\u201d, atrav\u00e9s da consulta dos fi\u00e9is nas Igrejas particulares, porque mesmo que seja um organismo essencialmente episcopal, n\u00e3o vive \u201cseparado do restante dos fi\u00e9is\u201d.<\/p>\n<p>Portanto, \u00e9 \u201cum instrumento apto a dar voz a todo o Povo de Deus justamente por meio dos bispos\u201d, \u201ccust\u00f3dios, int\u00e9rpretes e testemunhas da f\u00e9\u201d, mostrando-se, de Assembleia em Assembleia, uma express\u00e3o eloquente da \u201csinodalidade\u201d da pr\u00f3pria Igreja, em que se espelha uma comunh\u00e3o de culturas diferentes. Tamb\u00e9m gra\u00e7as ao S\u00ednodo dos bispos, ficar\u00e1 mais evidente que nela vige uma \u201cprofunda comunh\u00e3o\u201d, seja entre os pastores e fi\u00e9is, seja entre os bispos e o Pont\u00edfice.<\/p>\n<h2>A unidade do todos os crist\u00e3os<\/h2>\n<p>A esperan\u00e7a do Papa Francisco \u00e9 que a atividade do S\u00ednodo possa \u201ca seu modo contribuir ao restabelecimento da unidade entre todos os crist\u00e3os, \u201csegundo a vontade do Senhor\u201d. Deste modo, o organismo ajudar\u00e1 a Igreja Cat\u00f3lica, segundo o ausp\u00edcio de S\u00e3o Jo\u00e3o Paulo II expresso na enc\u00edclica Ut unum sint, a \u201cencontrar uma forma de exerc\u00edcio de primado que, n\u00e3o renunciando de modo algum \u00e0 ess\u00eancia de sua miss\u00e3o, se abra a uma nova situa\u00e7\u00e3o\u201d.<\/p>\n<div>\n<div class=\"article__embed article__embed--unwrap article__embed--dark\">\n<div class=\"article__innerTitle\">Ou\u00e7a a reportagem com a voz do Papa Francisco<\/div>\n<div>\n<!--[if lt IE 9]><script>document.createElement('audio');<\/script><![endif]-->\n<audio class=\"wp-audio-shortcode\" id=\"audio-43856-1\" preload=\"none\" style=\"width: 100%;\" controls=\"controls\"><source type=\"audio\/mpeg\" src=\"https:\/\/media.vaticannews.va\/media\/audio\/s1\/2018\/9\/18\/11\/134625576_F134625576.mp3?_=1\" \/><a href=\"https:\/\/media.vaticannews.va\/media\/audio\/s1\/2018\/9\/18\/11\/134625576_F134625576.mp3\">https:\/\/media.vaticannews.va\/media\/audio\/s1\/2018\/9\/18\/11\/134625576_F134625576.mp3<\/a><\/audio>\n<\/div>\n<\/div>\n<\/div>\n<\/div>\n","protected":false},"excerpt":{"rendered":"<p>Consultar o Povo de Deus e ter uma Igreja sinodal: essas s\u00e3o as caracter\u00edsticas da Constitui\u00e7\u00e3o apost\u00f3lica Episcopalis communio publicada esta ter\u00e7a-feira. Giada Aquilino \u2013 Cidade do Vaticano Faltando poucos dias para o in\u00edcio do S\u00ednodo dos Bispos dedicado aos jovens, foi publicada esta ter\u00e7a-feira (18\/09) a Constitui\u00e7\u00e3o Apost\u00f3lica do Papa Francisco Episcopalis communio sobre [&hellip;]<\/p>\n","protected":false},"author":1,"featured_media":43857,"comment_status":"open","ping_status":"closed","sticky":false,"template":"","format":"standard","meta":{"footnotes":""},"categories":[13],"tags":[],"class_list":["post-43856","post","type-post","status-publish","format-standard","has-post-thumbnail","hentry","category-featured"],"_links":{"self":[{"href":"https:\/\/catolicanet.net\/wp-cnet\/wp-json\/wp\/v2\/posts\/43856","targetHints":{"allow":["GET"]}}],"collection":[{"href":"https:\/\/catolicanet.net\/wp-cnet\/wp-json\/wp\/v2\/posts"}],"about":[{"href":"https:\/\/catolicanet.net\/wp-cnet\/wp-json\/wp\/v2\/types\/post"}],"author":[{"embeddable":true,"href":"https:\/\/catolicanet.net\/wp-cnet\/wp-json\/wp\/v2\/users\/1"}],"replies":[{"embeddable":true,"href":"https:\/\/catolicanet.net\/wp-cnet\/wp-json\/wp\/v2\/comments?post=43856"}],"version-history":[{"count":1,"href":"https:\/\/catolicanet.net\/wp-cnet\/wp-json\/wp\/v2\/posts\/43856\/revisions"}],"predecessor-version":[{"id":43858,"href":"https:\/\/catolicanet.net\/wp-cnet\/wp-json\/wp\/v2\/posts\/43856\/revisions\/43858"}],"wp:featuredmedia":[{"embeddable":true,"href":"https:\/\/catolicanet.net\/wp-cnet\/wp-json\/wp\/v2\/media\/43857"}],"wp:attachment":[{"href":"https:\/\/catolicanet.net\/wp-cnet\/wp-json\/wp\/v2\/media?parent=43856"}],"wp:term":[{"taxonomy":"category","embeddable":true,"href":"https:\/\/catolicanet.net\/wp-cnet\/wp-json\/wp\/v2\/categories?post=43856"},{"taxonomy":"post_tag","embeddable":true,"href":"https:\/\/catolicanet.net\/wp-cnet\/wp-json\/wp\/v2\/tags?post=43856"}],"curies":[{"name":"wp","href":"https:\/\/api.w.org\/{rel}","templated":true}]}}