{"id":43828,"date":"2018-09-17T11:20:34","date_gmt":"2018-09-17T14:20:34","guid":{"rendered":"http:\/\/catolicanet.net\/wp-cnet\/?p=43828"},"modified":"2018-09-17T11:24:39","modified_gmt":"2018-09-17T14:24:39","slug":"europa-bispos-catolicos-propoem-cultura-de-solidariedade-para-superar-individualismo-e-nacionalismos","status":"publish","type":"post","link":"https:\/\/catolicanet.net\/wp-cnet\/europa-bispos-catolicos-propoem-cultura-de-solidariedade-para-superar-individualismo-e-nacionalismos\/","title":{"rendered":"Europa: Bispos cat\u00f3licos prop\u00f5em cultura de solidariedade para superar individualismo e nacionalismos"},"content":{"rendered":"<p><em>Trabalhos do Conselho das Confer\u00eancias Episcopais Europeias destacaram impacto do voluntariado<\/em><span id=\"more-114551\"><\/span><\/p>\n<div id=\"attachment_114552\" class=\"wp-caption alignleft fbx-instance\">\n<p>&nbsp;<\/p>\n<p class=\"wp-caption-text\">\n<\/div>\n<p>\u201cApesar de uma cultura que nos leva a ser individualistas, separados uns dos outros, como pessoas, como grupos e como Estados. Apesar de tudo isto, mais, por causa de tudo isto, h\u00e1 necessidade de anunciar a esperan\u00e7a que \u00e9 Jesus, o qual fez de n\u00f3s um povo novo. \u00c9 preciso recuperar, com o an\u00fancio de Cristo, a dimens\u00e3o relacional e, portanto, a dimens\u00e3o comunit\u00e1ria\u201d, disse o arcebispo italiano, aos jornalistas, no final dos trabalhos da assembleia plen\u00e1ria do CCEE, que decorrem na cidade polaca de Poznan.<\/p>\n<p>O respons\u00e1vel assinalou que a Igreja Cat\u00f3lica quer ser uma \u201cconsci\u00eancia cr\u00edtica\u201d na Europa.<\/p>\n<p>\u201cA Igreja n\u00e3o \u00e9 perita de geopol\u00edtica, por isso, diante de tantos problemas complexos, os bispos comportam-se como pastores, cuja miss\u00e3o \u00e9, acima de tudo, Jesus Cristo, plenitude da verdade, fonte do verdadeiro humanismo, e formar as consci\u00eancias\u201d, precisou.<\/p>\n<p>Para o presidente do CCEE, os dados apresentados durante a assembleia plen\u00e1ria sobre o voluntariado s\u00e3o uma \u201ctradu\u00e7\u00e3o concreta\u201d do esp\u00edrito de solidariedade.<\/p>\n<p>No relat\u00f3rio divulgado esta sexta-feira, o CCEE <a href=\"http:\/\/www.agencia.ecclesia.pt\/portal\/sociedade-uma-em-cada-quatro-horas-de-voluntariado-em-portugal-e-passada-em-organizacoes-religiosas\/\" target=\"_blank\" rel=\"noopener\">refere<\/a> que \u201cn\u00e3o existe nenhuma outra institui\u00e7\u00e3o na Europa que contribua de forma t\u00e3o ampla para o voluntariado e promova formas de voluntariado t\u00e3o diversificadas como a Igreja Cat\u00f3lica\u201d.<\/p>\n<p>O vice-presidente do organismo episcopal, cardeal Vicent Nichols, elogiou o papel da Igreja como promotora de voluntariado, \u201cuma parte importante de uma boa sociedade\u201d.<\/p>\n<p>O arcebispo ingl\u00eas sustentou que os governos t\u00eam o dever de \u201crespeitar\u201d o voluntariado e a sua natureza pr\u00f3pria, sem o submeter a \u201cideologias\u201d.<\/p>\n<p>Presente nos trabalhos, o cardeal Marc Ouellet, prefeito da Congrega\u00e7\u00e3o para os Bispos (Santa S\u00e9), afirmou que \u201ca solidariedade \u00e9 um valor crist\u00e3o fundamental\u201d, sublinhando a import\u00e2ncia do \u201ctestemunho de fraternidade\u201d atrav\u00e9s do voluntariado, que ajuda a criar uma \u201ccultura global de ajuda rec\u00edproca, de acolhimento\u201d.<\/p>\n<div id=\"attachment_114553\" class=\"wp-caption alignright fbx-instance\">\n<p><a class=\"fbx-link\" href=\"http:\/\/www.agencia.ecclesia.pt\/portal\/wp-content\/uploads\/2018\/09\/43968468654_9a574282a7_k.jpg\"><img loading=\"lazy\" decoding=\"async\" class=\"wp-image-114553 size-medium\" src=\"http:\/\/www.agencia.ecclesia.pt\/portal\/wp-content\/uploads\/2018\/09\/43968468654_9a574282a7_k-300x200.jpg\" sizes=\"auto, (max-width: 300px) 100vw, 300px\" srcset=\"http:\/\/www.agencia.ecclesia.pt\/portal\/wp-content\/uploads\/2018\/09\/43968468654_9a574282a7_k-300x200.jpg 300w, http:\/\/www.agencia.ecclesia.pt\/portal\/wp-content\/uploads\/2018\/09\/43968468654_9a574282a7_k-768x512.jpg 768w, http:\/\/www.agencia.ecclesia.pt\/portal\/wp-content\/uploads\/2018\/09\/43968468654_9a574282a7_k-1024x683.jpg 1024w, http:\/\/www.agencia.ecclesia.pt\/portal\/wp-content\/uploads\/2018\/09\/43968468654_9a574282a7_k-1080x720.jpg 1080w\" alt=\"\" width=\"300\" height=\"200\" \/><\/a><\/p>\n<p class=\"wp-caption-text\">Foto: Episkopat.pl<\/p>\n<\/div>\n<p>A cidade polaca de Poznan acolheu os trabalhos da assembleia anual do CCEE, organismo que engloba representantes de episcopados cat\u00f3licos de 45 pa\u00edses.<\/p>\n<p>A sess\u00e3o final contou com a presen\u00e7a do presidente da Pol\u00f3nia, Andrzej Duda, recebido com uma manifesta\u00e7\u00e3o de protesto junto ao pal\u00e1cio arquiepiscopal, marcada por mensagens contra a pedofilia e em favor da separa\u00e7\u00e3o Igreja-Estado.<\/p>\n<p>Poznan est\u00e1 a celebrar o 1050.\u00ba anivers\u00e1rio do primeiro bispado na Pol\u00f3nia, no 100.\u00ba anivers\u00e1rio da restaura\u00e7\u00e3o da independ\u00eancia do pa\u00eds.<\/p>\n<p>O encontro marcou o final do servi\u00e7o do sacerdote portugu\u00eas Duarte da Cunha como secret\u00e1rio-geral do CCEE e contou com a participa\u00e7\u00e3o do presidente e do secret\u00e1rio da Confer\u00eancia Episcopal Portuguesa, respetivamente D. Manuel Clemente e padre Manuel Barbosa.<\/p>\n","protected":false},"excerpt":{"rendered":"<p>Trabalhos do Conselho das Confer\u00eancias Episcopais Europeias destacaram impacto do voluntariado &nbsp; \u201cApesar de uma cultura que nos leva a ser individualistas, separados uns dos outros, como pessoas, como grupos e como Estados. Apesar de tudo isto, mais, por causa de tudo isto, h\u00e1 necessidade de anunciar a esperan\u00e7a que \u00e9 Jesus, o qual fez [&hellip;]<\/p>\n","protected":false},"author":1,"featured_media":43829,"comment_status":"open","ping_status":"closed","sticky":false,"template":"","format":"standard","meta":{"footnotes":""},"categories":[4],"tags":[],"class_list":["post-43828","post","type-post","status-publish","format-standard","has-post-thumbnail","hentry","category-cotidiano"],"_links":{"self":[{"href":"https:\/\/catolicanet.net\/wp-cnet\/wp-json\/wp\/v2\/posts\/43828","targetHints":{"allow":["GET"]}}],"collection":[{"href":"https:\/\/catolicanet.net\/wp-cnet\/wp-json\/wp\/v2\/posts"}],"about":[{"href":"https:\/\/catolicanet.net\/wp-cnet\/wp-json\/wp\/v2\/types\/post"}],"author":[{"embeddable":true,"href":"https:\/\/catolicanet.net\/wp-cnet\/wp-json\/wp\/v2\/users\/1"}],"replies":[{"embeddable":true,"href":"https:\/\/catolicanet.net\/wp-cnet\/wp-json\/wp\/v2\/comments?post=43828"}],"version-history":[{"count":2,"href":"https:\/\/catolicanet.net\/wp-cnet\/wp-json\/wp\/v2\/posts\/43828\/revisions"}],"predecessor-version":[{"id":43831,"href":"https:\/\/catolicanet.net\/wp-cnet\/wp-json\/wp\/v2\/posts\/43828\/revisions\/43831"}],"wp:featuredmedia":[{"embeddable":true,"href":"https:\/\/catolicanet.net\/wp-cnet\/wp-json\/wp\/v2\/media\/43829"}],"wp:attachment":[{"href":"https:\/\/catolicanet.net\/wp-cnet\/wp-json\/wp\/v2\/media?parent=43828"}],"wp:term":[{"taxonomy":"category","embeddable":true,"href":"https:\/\/catolicanet.net\/wp-cnet\/wp-json\/wp\/v2\/categories?post=43828"},{"taxonomy":"post_tag","embeddable":true,"href":"https:\/\/catolicanet.net\/wp-cnet\/wp-json\/wp\/v2\/tags?post=43828"}],"curies":[{"name":"wp","href":"https:\/\/api.w.org\/{rel}","templated":true}]}}