{"id":4367,"date":"2014-03-13T14:14:05","date_gmt":"2014-03-13T17:14:05","guid":{"rendered":"http:\/\/catolicanet.net\/wp-cnet\/cancao-nova-abraca-sao-paulo-no-ibirapuera\/"},"modified":"2017-04-04T15:24:18","modified_gmt":"2017-04-04T18:24:18","slug":"cancao-nova-abraca-sao-paulo-no-ibirapuera","status":"publish","type":"post","link":"https:\/\/catolicanet.net\/wp-cnet\/cancao-nova-abraca-sao-paulo-no-ibirapuera\/","title":{"rendered":"\u201cCan\u00e7\u00e3o Nova abra\u00e7a S\u00e3o Paulo\u201d no Ibirapuera"},"content":{"rendered":"<p style=\"text-align: center;\">\n<p><strong>O Cardeal Dom Odilo Scherer e a cofundadora da comunidade cat\u00f3lica, Luzia Santiago, s\u00e3o presen\u00e7as confirmadas no evento <\/strong><\/p>\n<p style=\"text-align: justify;\">Neste domingo (16\/03), a Can\u00e7\u00e3o Nova realiza o \u201cCan\u00e7\u00e3o Nova abra\u00e7a S\u00e3o Paulo\u201d no Gin\u00e1sio do Ibirapuera, evento que a comunidade cat\u00f3lica preparou para dar o \u201cpontap\u00e9 inicial\u201d em uma nova etapa de evangeliza\u00e7\u00e3o na maior cidade da Am\u00e9rica Latina. \u201cNesses mais de 20 anos presentes na cidade de S\u00e3o Paulo, a Can\u00e7\u00e3o Nova, enquanto Igreja deseja intensificar a forma de espalhar a semente do evangelho acolhendo de bra\u00e7os abertos cada pessoa que deseja renovar sua f\u00e9 em Deus. A inspira\u00e7\u00e3o \u201cCan\u00e7\u00e3o Nova abra\u00e7a S\u00e3o Paulo\u201d parte do princ\u00edpio que, quanto mais gente, maior o nosso abra\u00e7o, mais espalhamos o evangelho\u201d, explica o coordenador da miss\u00e3o local, padre Adriano Zandon\u00e1.<\/p>\n<p>A programa\u00e7\u00e3o do dia traz palestras, ora\u00e7\u00e3o do ter\u00e7o, adora\u00e7\u00e3o ao Sant\u00edssimo Sacramento e muita m\u00fasica com a cantora Salette Ferreira. Participa\u00e7\u00f5es especiais do Arcebispo Metropolitano de S\u00e3o Paulo, Cardeal Dom Odilo Pedro Scherer, e da cofundadora da comunidade cat\u00f3lica, Luzia Santiago. Os port\u00f5es ser\u00e3o abertos \u00e0s 7h. O evento termina com a missa \u00e0s 16h, presidida pelo pe. Roger Luis, da Can\u00e7\u00e3o Nova.<\/p>\n<p>Os 10 mil ingressos disponibilizados para o \u201cCan\u00e7\u00e3o Nova abra\u00e7a S\u00e3o Paulo\u201d j\u00e1 est\u00e3o esgotados. Para cada ingresso adquirido, 1kg de alimento foi doado, totalizando 20 toneladas de alimentos arrecadados, j\u00e1 entregues a institui\u00e7\u00f5es da capital paulista, comunidade Voz dos Pobres, comunidade O Caminho, comunidade Bel\u00e9m e a comunidade Ema\u00fas.<\/p>\n<p>Durante o evento tamb\u00e9m ser\u00e1 celebrada a entrada do sinal da TV Can\u00e7\u00e3o Nova em S\u00e3o Paulo, no canal 59 UHF. <\/p>\n<p>CAN\u00c7\u00c3O NOVA EM S\u00c3O PAULO<br \/>A Can\u00e7\u00e3o Nova est\u00e1 presente em S\u00e3o Paulo (SP) desde 1992. Atualmente conta com mais de 100 funcion\u00e1rios e mission\u00e1rios que evangelizam pela TV Can\u00e7\u00e3o Nova canal 59 UHF, NET canal 194 (?) e Sky 163, por meio da Loja Can\u00e7\u00e3o Nova (rua S\u00e3o Bento, 43) e pela r\u00e1dio Am\u00e9rica 1410 AM, que traz em sua programa\u00e7\u00e3o conte\u00fados sobre sa\u00fade, religi\u00e3o, entretenimento e not\u00edcias. <\/p>\n<p><strong>SERVI\u00c7O<\/strong><\/p>\n<p>Evento \u201cCan\u00e7\u00e3o Nova abra\u00e7a S\u00e3o Paulo\u201d<br \/>Data: Domingo &#8211; 16 de mar\u00e7o de 2014<br \/>Local: Gin\u00e1sio do Ibirapuera<br \/>End.: Rua Manoel da N\u00f3brega, 1361 \u2013 Para\u00edso \u2013 S\u00e3o Paulo\/SP<br \/>Entrada: Ingressos esgotados<br \/>Hor\u00e1rio: Das 7h \u00e0s 18h<\/p>\n<p><strong>PROGRAMA\u00c7\u00c3O<\/strong><\/p>\n<p>07h30: Ter\u00e7o e Momento Mariano (Pe. Paulinho)<br \/>08h00: Anima\u00e7\u00e3o (Salette)<br \/>08h20: Ora\u00e7\u00e3o (Luzia Santiago)<br \/>09h00: Palestra \u2013 Pe. Roger Luis<br \/>09h50: Ora\u00e7\u00e3o \u2013 Luzia Santiago<br \/>10h00: Palavra Cardeal D. Odilo Scherer<br \/>10h30: Intervalo<br \/>11h20: Adora\u00e7\u00e3o ao Sant\u00edssimo \u2013 Pe. Adriano, Pe. Roger, Pe. Serginho, Pe. Paulinho <br \/>12h30: Intervalo<br \/>14h00: C\u00e2nticos e Louvor <br \/>14h15: Prega\u00e7\u00e3o \u2013 Pe. Adriano Zandon\u00e1<br \/>15h10: Intervalo<br \/>16h00: Missa \u2013 Pe. Roger Luis <\/p>\n<p><strong>Mais informa\u00e7\u00f5es: <\/strong>Assessoria de Imprensa Can\u00e7\u00e3o Nova<br \/>assessoria.cancaonova.com<br \/>Twitter: @imprensacn<br \/>(12) 3186-2086 \/ 7898-1597 \/ ID: 139*1435<br \/>(12) 3186-2000 (ramal: 30900)<\/p>\n","protected":false},"excerpt":{"rendered":"<p>O Cardeal Dom Odilo Scherer e a cofundadora da comunidade cat\u00f3lica, Luzia Santiago, s\u00e3o presen\u00e7as confirmadas no evento Neste domingo (16\/03), a Can\u00e7\u00e3o Nova realiza o \u201cCan\u00e7\u00e3o Nova abra\u00e7a S\u00e3o Paulo\u201d no Gin\u00e1sio do Ibirapuera, evento que a comunidade cat\u00f3lica preparou para dar o \u201cpontap\u00e9 inicial\u201d em uma nova etapa de evangeliza\u00e7\u00e3o na maior cidade [&hellip;]<\/p>\n","protected":false},"author":1,"featured_media":0,"comment_status":"closed","ping_status":"closed","sticky":false,"template":"","format":"standard","meta":{"footnotes":""},"categories":[4],"tags":[],"class_list":["post-4367","post","type-post","status-publish","format-standard","hentry","category-cotidiano"],"_links":{"self":[{"href":"https:\/\/catolicanet.net\/wp-cnet\/wp-json\/wp\/v2\/posts\/4367","targetHints":{"allow":["GET"]}}],"collection":[{"href":"https:\/\/catolicanet.net\/wp-cnet\/wp-json\/wp\/v2\/posts"}],"about":[{"href":"https:\/\/catolicanet.net\/wp-cnet\/wp-json\/wp\/v2\/types\/post"}],"author":[{"embeddable":true,"href":"https:\/\/catolicanet.net\/wp-cnet\/wp-json\/wp\/v2\/users\/1"}],"replies":[{"embeddable":true,"href":"https:\/\/catolicanet.net\/wp-cnet\/wp-json\/wp\/v2\/comments?post=4367"}],"version-history":[{"count":1,"href":"https:\/\/catolicanet.net\/wp-cnet\/wp-json\/wp\/v2\/posts\/4367\/revisions"}],"predecessor-version":[{"id":9142,"href":"https:\/\/catolicanet.net\/wp-cnet\/wp-json\/wp\/v2\/posts\/4367\/revisions\/9142"}],"wp:attachment":[{"href":"https:\/\/catolicanet.net\/wp-cnet\/wp-json\/wp\/v2\/media?parent=4367"}],"wp:term":[{"taxonomy":"category","embeddable":true,"href":"https:\/\/catolicanet.net\/wp-cnet\/wp-json\/wp\/v2\/categories?post=4367"},{"taxonomy":"post_tag","embeddable":true,"href":"https:\/\/catolicanet.net\/wp-cnet\/wp-json\/wp\/v2\/tags?post=4367"}],"curies":[{"name":"wp","href":"https:\/\/api.w.org\/{rel}","templated":true}]}}