{"id":43631,"date":"2018-09-11T09:30:15","date_gmt":"2018-09-11T12:30:15","guid":{"rendered":"http:\/\/catolicanet.net\/wp-cnet\/?p=43631"},"modified":"2018-09-11T09:57:45","modified_gmt":"2018-09-11T12:57:45","slug":"rede-eclesial-analisa-retorno-voluntario-de-migrantes-a-seus-paises","status":"publish","type":"post","link":"https:\/\/catolicanet.net\/wp-cnet\/rede-eclesial-analisa-retorno-voluntario-de-migrantes-a-seus-paises\/","title":{"rendered":"Rede eclesial analisa retorno volunt\u00e1rio de migrantes a seus pa\u00edses"},"content":{"rendered":"<div class=\"article__subTitle\">Encontro de dois dias em Roma re\u00fane organismos e institui\u00e7\u00f5es cat\u00f3licas para buscar respostas \u00e0 crise vivida na S\u00edria e Iraque. Pela primeira vez, a reflex\u00e3o tamb\u00e9m aborda retorno real e volunt\u00e1rio de migrantes e refugiados \u00e0s comunidades de origem.<\/div>\n<div class=\"title__separator\"><\/div>\n<div class=\"article__text\">\n<p><b>Andressa Collet \u2013 Cidade do Vaticano<\/b><\/p>\n<p>A Santa S\u00e9 junto a mais de 50 organismos de caridade cat\u00f3lica e dos episcopados, institui\u00e7\u00f5es eclesiais e congrega\u00e7\u00f5es religiosas que trabalham na S\u00edria, Iraque e pa\u00edses pr\u00f3ximos, se unem para um grande encontro de reflex\u00e3o sobre a crise humanit\u00e1ria vivida naquela regi\u00e3o do Oriente M\u00e9dio. A reuni\u00e3o, promovida pelo Dicast\u00e9rio para o Servi\u00e7o do Desenvolvimento Humano Integral, acontece na pr\u00f3xima quinta e sexta-feira, dias 13 e 14 de setembro, no Audit\u00f3rio Jo\u00e3o Paulo II da Universidade Urbaniana, em Roma. Os n\u00fancios apost\u00f3licos da S\u00edria, Iraque, L\u00edbano e Turquia tamb\u00e9m confirmaram presen\u00e7a no encontro.<\/p>\n<h2>Papa teme nova cat\u00e1strofe humanit\u00e1ria na S\u00edria<\/h2>\n<h2><\/h2>\n<p>Em continuidade com o percurso feito nos \u00faltimos sei anos, o objetivo da reuni\u00e3o \u00e9 de reflex\u00e3o e comunh\u00e3o fraterna entre as institui\u00e7\u00f5es em favor das popula\u00e7\u00f5es atingidas pela crise humanit\u00e1ria, sobre a qual inclusive o Papa Francisco chamou a aten\u00e7\u00e3o da opini\u00e3o p\u00fablica por v\u00e1rias vezes.<\/p>\n<p>No <i>Angelus <\/i>do \u00faltimo dia 2 de setembro, por exemplo, o Pont\u00edfice fez um apelo \u00e0s autoridades. Na oportunidade, Francisco exortou ao di\u00e1logo na S\u00edria e renovou o pedido \u00e0 comunidade internacional \u201cpara que usem os instrumentos da diplomacia, do di\u00e1logo e das negocia\u00e7\u00f5es, em conformidade com o Direito Internacional Humanit\u00e1rio, para salvaguardar a vida dos civis\u201d.<\/p>\n<p>O encontro desta semana em Roma tamb\u00e9m prev\u00ea fazer um balan\u00e7o sobre o trabalho desenvolvido at\u00e9 agora pelos organismos cat\u00f3licos de caridade no contexto da crise, compartilhar as informa\u00e7\u00f5es sobre a evolu\u00e7\u00e3o da situa\u00e7\u00e3o humanit\u00e1ria e as respostas da Igreja, analisar a situa\u00e7\u00e3o das comunidades crist\u00e3s residentes nos pa\u00edses atingidos pela guerra, promovendo a sinergia entre os organismos eclesiais, as congrega\u00e7\u00f5es religiosas e as dioceses. Neste ano, a novidade tamb\u00e9m ser\u00e1 analisar as perspectivas reais de um retorno volunt\u00e1rio de migrantes e refugiados \u00e0s comunidades de origem.<\/p>\n<h2>Pesquisa sobre crise humanit\u00e1ria 2017-2018<\/h2>\n<h2><\/h2>\n<p>O primeiro dia de trabalhos vai contar com o discurso do Cardeal Peter Turkson, prefeito do Dicast\u00e9rio para o Servi\u00e7o do Desenvolvimento Humano Integral, e a apresenta\u00e7\u00e3o do Relat\u00f3rio da \u201cPesquisa sobre a resposta das institui\u00e7\u00f5es eclesiais \u00e0 crise humanit\u00e1ria iraquiana e s\u00edria 2017-2018\u201d, realizada pelo pr\u00f3prio dicast\u00e9rio.<\/p>\n<p>O Cardeal Pietro Parolin, secret\u00e1rio de Estado do Vaticano, tamb\u00e9m far\u00e1 um discurso, al\u00e9m dos n\u00fancios apost\u00f3licos na S\u00edria, e no Iraque e Jord\u00e2nia. O Alto Comissariado das Na\u00e7\u00f5es Unidas para os Refugiados tamb\u00e9m se far\u00e1 presente apresentando as perspectivas da situa\u00e7\u00e3o migrat\u00f3ria atual na \u00e1rea de crise.<\/p>\n<p>J\u00e1 no segundo dia de atividades, dia 14, os participantes ir\u00e3o se reunir em grupos de trabalho para se concentrar sobre os aspectos concretos da colabora\u00e7\u00e3o entre os diversos organismos comprometidos a dar uma resposta \u00e0 crise. Al\u00e9m disso, eles tamb\u00e9m ir\u00e3o se dedicar ao tema de retorno dos migrantes e refugiados nas suas comunidades de origem. No mesmo dia est\u00e1 prevista uma audi\u00eancia com o Papa Francisco, no Pal\u00e1cio Apost\u00f3lico.<\/p>\n<h2>Resposta da Santa S\u00e9 \u00e0 crise<\/h2>\n<h2><\/h2>\n<p>O conflito na S\u00edria e no Iraque produziu uma das crises humanit\u00e1rias mais graves dos \u00faltimos dec\u00eanios. A Santa S\u00e9, al\u00e9m das atividades diplom\u00e1ticas, participa ativamente aos programas de ajuda e assist\u00eancia humanit\u00e1ria.<\/p>\n<p>Desde 2014, a rede eclesial destinou mais de 1 bilh\u00e3o de d\u00f3lares em resposta \u00e0 emerg\u00eancia, alcan\u00e7ando mais de 4 milh\u00f5es de benefici\u00e1rios individuais por ano. Segundo a ONU, atualmente s\u00e3o 13 milh\u00f5es de pessoas necessitadas de aux\u00edlio na S\u00edria e cerca de 9 milh\u00f5es no Iraque.<\/p>\n<div>\n<div class=\"article__embed article__embed--unwrap article__embed--dark\">\n<div class=\"article__innerTitle\">Ou\u00e7a a reportagem!<\/div>\n<div>\n<!--[if lt IE 9]><script>document.createElement('audio');<\/script><![endif]-->\n<audio class=\"wp-audio-shortcode\" id=\"audio-43631-1\" preload=\"none\" style=\"width: 100%;\" controls=\"controls\"><source type=\"audio\/mpeg\" src=\"https:\/\/media.vaticannews.va\/media\/audio\/s1\/2018\/9\/11\/12\/134615063_F134615063.mp3?_=1\" \/><a href=\"https:\/\/media.vaticannews.va\/media\/audio\/s1\/2018\/9\/11\/12\/134615063_F134615063.mp3\">https:\/\/media.vaticannews.va\/media\/audio\/s1\/2018\/9\/11\/12\/134615063_F134615063.mp3<\/a><\/audio>\n<\/div>\n<div><\/div>\n<\/div>\n<\/div>\n<\/div>\n","protected":false},"excerpt":{"rendered":"<p>Encontro de dois dias em Roma re\u00fane organismos e institui\u00e7\u00f5es cat\u00f3licas para buscar respostas \u00e0 crise vivida na S\u00edria e Iraque. Pela primeira vez, a reflex\u00e3o tamb\u00e9m aborda retorno real e volunt\u00e1rio de migrantes e refugiados \u00e0s comunidades de origem. Andressa Collet \u2013 Cidade do Vaticano A Santa S\u00e9 junto a mais de 50 organismos [&hellip;]<\/p>\n","protected":false},"author":1,"featured_media":43632,"comment_status":"open","ping_status":"closed","sticky":false,"template":"","format":"standard","meta":{"footnotes":""},"categories":[3],"tags":[],"class_list":["post-43631","post","type-post","status-publish","format-standard","has-post-thumbnail","hentry","category-vaticano"],"_links":{"self":[{"href":"https:\/\/catolicanet.net\/wp-cnet\/wp-json\/wp\/v2\/posts\/43631","targetHints":{"allow":["GET"]}}],"collection":[{"href":"https:\/\/catolicanet.net\/wp-cnet\/wp-json\/wp\/v2\/posts"}],"about":[{"href":"https:\/\/catolicanet.net\/wp-cnet\/wp-json\/wp\/v2\/types\/post"}],"author":[{"embeddable":true,"href":"https:\/\/catolicanet.net\/wp-cnet\/wp-json\/wp\/v2\/users\/1"}],"replies":[{"embeddable":true,"href":"https:\/\/catolicanet.net\/wp-cnet\/wp-json\/wp\/v2\/comments?post=43631"}],"version-history":[{"count":3,"href":"https:\/\/catolicanet.net\/wp-cnet\/wp-json\/wp\/v2\/posts\/43631\/revisions"}],"predecessor-version":[{"id":43635,"href":"https:\/\/catolicanet.net\/wp-cnet\/wp-json\/wp\/v2\/posts\/43631\/revisions\/43635"}],"wp:featuredmedia":[{"embeddable":true,"href":"https:\/\/catolicanet.net\/wp-cnet\/wp-json\/wp\/v2\/media\/43632"}],"wp:attachment":[{"href":"https:\/\/catolicanet.net\/wp-cnet\/wp-json\/wp\/v2\/media?parent=43631"}],"wp:term":[{"taxonomy":"category","embeddable":true,"href":"https:\/\/catolicanet.net\/wp-cnet\/wp-json\/wp\/v2\/categories?post=43631"},{"taxonomy":"post_tag","embeddable":true,"href":"https:\/\/catolicanet.net\/wp-cnet\/wp-json\/wp\/v2\/tags?post=43631"}],"curies":[{"name":"wp","href":"https:\/\/api.w.org\/{rel}","templated":true}]}}