{"id":43594,"date":"2018-09-09T14:06:17","date_gmt":"2018-09-09T17:06:17","guid":{"rendered":"http:\/\/catolicanet.net\/wp-cnet\/?p=43594"},"modified":"2018-09-10T14:10:11","modified_gmt":"2018-09-10T17:10:11","slug":"evangelizados-a-evangelizar","status":"publish","type":"post","link":"https:\/\/catolicanet.net\/wp-cnet\/evangelizados-a-evangelizar\/","title":{"rendered":"Evangelizados a evangelizar"},"content":{"rendered":"<p>O Evangelho do 23\u00ba Domingo do Tempo Comum (cf. Mc 7,31-37) apresenta-nos um homem surdo e gago que \u00e9 colocado diante de Jesus para que ele o cure. Quem \u00e9 o surdo-gago? \u00c9 a humanidade, enquanto fechada para o dom de Deus que Jesus nos traz. Surda, porque incapaz de ouvir a Palavra, ouvi-la compreendendo-a, acolhendo-a no cora\u00e7\u00e3o: &#8220;tem ouvido para ouvir, mas n\u00e3o ouve<em>&#8220;<\/em> (Jr 5,21; cf. Mt 13,14-15).<\/p>\n<p>Esta \u00e9 a tend\u00eancia do cora\u00e7\u00e3o humano, que a Escritura sempre denunciou: o fechamento para n\u00e3o acolher a proposta que Deus nos faz, de um caminho com ele, a tend\u00eancia de nos fechar em n\u00f3s e viver a vida como se fosse nossa de modo absoluto: <em>&#8220;<\/em><em>Escutai, prestai ouvidos, n\u00e3o sejais orgulhosos, porque o Senhor falou!&#8221; (Jr 13,15);<\/em> <em>&#8220;Ah! Se meu povo me escutasse, se Israel andasse em meus caminhos&#8230; Mas meu povo n\u00e3o ouviu a minha voz, Israel n\u00e3o quis saber de obedecer-me; ent\u00e3o os entreguei ao seu cora\u00e7\u00e3o endurecido: que sigam seus pr\u00f3prios caminhos!&#8221; (Sl 81\/80, 14.13). <\/em>Assim, no fundo, \u00e9 o fechamento para Deus, para um Deus verdadeiro, a resist\u00eancia em realmente levar a s\u00e9rio o primeiro mandamento: <em>&#8220;<\/em><em>Ouve, \u00f3 Israel!&#8221; (<\/em><em>Dt 6,4)<\/em><em>.<\/em><\/p>\n<p><em>\u00a0\u00a0\u00a0\u00a0\u00a0\u00a0\u00a0\u00a0\u00a0 <\/em>Ora, se somos surdos, tamb\u00e9m n\u00e3o podemos falar com clareza: nossas ideias s\u00e3o embotadas, nossos debates, nossas palavras, n\u00e3o chegam ao essencial da vida, do sentido da exist\u00eancia, n\u00e3o podemos proclamar de verdade a alegria da salva\u00e7\u00e3o, da plenitude de quem sabe de onde vem e para onde vai. A comunica\u00e7\u00e3o se torna oca, alienada e alienante. Jesus cura primeiro a surdez e, depois, a gagueira do homem. Quando ele puder ouvir o Senhor, tornando-se disc\u00edpulo pela f\u00e9, tamb\u00e9m poder\u00e1 falar, proclamar a a\u00e7\u00e3o de Deus em Jesus: do Deus que salva e nos mostra o sentido da vida, abrindo-nos a esperan\u00e7a eterna.<\/p>\n<p>Jesus abre os ouvidos e solta a l\u00edngua de um surdo-mudo. E o povo, entusiasmado, v\u00ea nessa cura um sinal da presen\u00e7a do Poder salv\u00edfico do Messias e exclama: \u201cTudo Ele tem feito bem. Fez os surdos ouvirem e os mudos falarem\u201d.<\/p>\n<p>Nesta cura que o Senhor realizou, podemos ver uma imagem da sua a\u00e7\u00e3o nas almas: ela livra o homem do pecado, abre-lhe os ouvidos para que escute a Palavra de Deus e solta-lhe a l\u00edngua para que louve e proclame as maravilhas divinas. Podemos ver aqui tamb\u00e9m os passos para a Inicia\u00e7\u00e3o \u00e0 Vida Crist\u00e3. Santo Agostinho, ao comentar esta passagem do Evangelho, diz que a l\u00edngua de quem est\u00e1 unido a Deus \u201cfalar\u00e1 do bem, tornar\u00e1 unido os que estavam divididos, consolar\u00e1 os que choram\u2026 Deus ser\u00e1 louvado, Cristo ser\u00e1 anunciado.\u201d \u00c9 o que n\u00f3s faremos se tivermos o ouvido atento \u00e0s cont\u00ednuas mo\u00e7\u00f5es do Esp\u00edrito Santo e a l\u00edngua preparada para falar de Deus sem respeitos humanos.<\/p>\n<p>Existe uma surdez da alma que \u00e9 pior que a do corpo, porque n\u00e3o h\u00e1 pior surdo do que aquele que n\u00e3o quer ouvir. S\u00e3o muitos os que t\u00eam os ouvidos fechados \u00e0 Palavra de Deus, e s\u00e3o tamb\u00e9m muitos os que se v\u00e3o endurecendo cada vez mais ante as in\u00fameras chamadas da gra\u00e7a! O nosso apostolado paciente, tenaz, cheio de compreens\u00e3o, acompanhado de ora\u00e7\u00e3o, far\u00e1 com que muitos dos nossos amigos ou\u00e7am a voz de Deus e se convertam em novos ap\u00f3stolos que a preguem por toda a parte.<\/p>\n<p>N\u00e3o podemos ficar mudos quando devemos falar de Deus e da sua mensagem sem constrangimento algum, antes, vendo nisso um t\u00edtulo de gl\u00f3ria: os pais aos seus filhos; o amigo ao amigo, com sentido de oportunidade, mas sem receios; o colega de escrit\u00f3rio aos que trabalham ao seu lado, com o seu comportamento exemplar e alegre e com a palavra que estimula a sair da apatia; o estudante aos colegas de Universidade com quem convive tantas horas por dia.<\/p>\n<p>Este caminho do surdo-gago \u00e9 urgente para o crist\u00e3o: reaprender a escutar de verdade Jesus (= crer nele de verdade) e falar dele ao mundo no testemunho corajoso, pois, somente assim, a humanidade atual encontrar\u00e1 a paz que tanto almeja. Somente em Cristo aquilo que a primeira leitura (cf. Is 35,4-7a) vislumbra e anuncia de modo t\u00e3o belo, pode realizar-se: <em>&#8220;Dizei \u00e0s pessoas deprimidas: &#8216;Criai \u00e2nimo, n\u00e3o tenhais medo! <\/em><em>Vede! \u00c9 o nosso Deus que vem; \u00e9 ele que vem para salvar!&#8217; Ent\u00e3o se abrir\u00e3o os olhos dos cegos e se descerrar\u00e3o os ouvidos dos surdos. O coxo saltar\u00e1 como um cervo e se desatar\u00e1 a l\u00edngua dos mudos, assim como brotar\u00e3o \u00e1guas no deserto e jorrar\u00e3o torrentes no ermo. A ter\u00e1 \u00e1rida se transformar\u00e1 em lago, e a regi\u00e3o sedenta, em fontes d&#8217;\u00e1gua&#8221;:<\/em> imagens impressionantes, belas, evocativas! Quando Deus vem, quando ele est\u00e1 presente, tudo \u00e9 vida, tudo \u00e9 plenitude, tudo canta de alegria! N\u00e3o \u00e9 disso que nosso mundo atual tanto precisa?<\/p>\n<p>Que o Senhor nos cure da surdez e da gagueira; fa\u00e7a-nos atentos \u00e0 sua Palavra e ao seu testemunho; d\u00ea-nos olhos para reconhec\u00ea-Lo nos irm\u00e3os, sobretudo nos pobres, e a alegria de uma vez acolhida a Palavra, ela seja anunciada a todos, ou seja, uma vez evangelizados, sejamos aqueles que, tendo o ouvido aberto, passemos a evangelizar com alegria e destemor.<\/p>\n","protected":false},"excerpt":{"rendered":"<p>O Evangelho do 23\u00ba Domingo do Tempo Comum (cf. Mc 7,31-37) apresenta-nos um homem surdo e gago que \u00e9 colocado diante de Jesus para que ele o cure. Quem \u00e9 o surdo-gago? \u00c9 a humanidade, enquanto fechada para o dom de Deus que Jesus nos traz. Surda, porque incapaz de ouvir a Palavra, ouvi-la compreendendo-a, [&hellip;]<\/p>\n","protected":false},"author":5,"featured_media":32777,"comment_status":"open","ping_status":"closed","sticky":false,"template":"","format":"standard","meta":{"footnotes":""},"categories":[9],"tags":[],"class_list":["post-43594","post","type-post","status-publish","format-standard","has-post-thumbnail","hentry","category-artigos"],"_links":{"self":[{"href":"https:\/\/catolicanet.net\/wp-cnet\/wp-json\/wp\/v2\/posts\/43594","targetHints":{"allow":["GET"]}}],"collection":[{"href":"https:\/\/catolicanet.net\/wp-cnet\/wp-json\/wp\/v2\/posts"}],"about":[{"href":"https:\/\/catolicanet.net\/wp-cnet\/wp-json\/wp\/v2\/types\/post"}],"author":[{"embeddable":true,"href":"https:\/\/catolicanet.net\/wp-cnet\/wp-json\/wp\/v2\/users\/5"}],"replies":[{"embeddable":true,"href":"https:\/\/catolicanet.net\/wp-cnet\/wp-json\/wp\/v2\/comments?post=43594"}],"version-history":[{"count":1,"href":"https:\/\/catolicanet.net\/wp-cnet\/wp-json\/wp\/v2\/posts\/43594\/revisions"}],"predecessor-version":[{"id":43595,"href":"https:\/\/catolicanet.net\/wp-cnet\/wp-json\/wp\/v2\/posts\/43594\/revisions\/43595"}],"wp:featuredmedia":[{"embeddable":true,"href":"https:\/\/catolicanet.net\/wp-cnet\/wp-json\/wp\/v2\/media\/32777"}],"wp:attachment":[{"href":"https:\/\/catolicanet.net\/wp-cnet\/wp-json\/wp\/v2\/media?parent=43594"}],"wp:term":[{"taxonomy":"category","embeddable":true,"href":"https:\/\/catolicanet.net\/wp-cnet\/wp-json\/wp\/v2\/categories?post=43594"},{"taxonomy":"post_tag","embeddable":true,"href":"https:\/\/catolicanet.net\/wp-cnet\/wp-json\/wp\/v2\/tags?post=43594"}],"curies":[{"name":"wp","href":"https:\/\/api.w.org\/{rel}","templated":true}]}}