{"id":43556,"date":"2018-09-05T09:39:38","date_gmt":"2018-09-05T12:39:38","guid":{"rendered":"http:\/\/catolicanet.net\/wp-cnet\/?p=43556"},"modified":"2018-09-05T09:44:35","modified_gmt":"2018-09-05T12:44:35","slug":"museu-nacional-descaso-com-patrimonio-publico-e-falta-de-politicas-preventivas","status":"publish","type":"post","link":"https:\/\/catolicanet.net\/wp-cnet\/museu-nacional-descaso-com-patrimonio-publico-e-falta-de-politicas-preventivas\/","title":{"rendered":"Museu Nacional: descaso com patrim\u00f4nio p\u00fablico e falta de pol\u00edticas preventivas"},"content":{"rendered":"<p>O inc\u00eandio de grandes propor\u00e7\u00f5es que destruiu o Museu Nacional, na Quinta da Boa Vista, em S\u00e3o Crist\u00f3v\u00e3o, Zona Norte do Rio de Janeiro, traz \u00e0 tona a realidade da conserva\u00e7\u00e3o e preserva\u00e7\u00e3o do patrim\u00f4nio hist\u00f3rico e cultural do Brasil. A falta de investimento do poder p\u00fablico em manuten\u00e7\u00e3o e conserva\u00e7\u00e3o desses espa\u00e7os s\u00f3 multiplicou o risco da destrui\u00e7\u00e3o da hist\u00f3ria do pa\u00eds que j\u00e1 havia sendo denunciada h\u00e1 tempos.<\/p>\n<div id=\"attachment_178921\" class=\"wp-caption alignright\">\n<p><img loading=\"lazy\" decoding=\"async\" class=\"wp-image-178921\" src=\"http:\/\/www.cnbb.org.br\/wp-content\/uploads\/sites\/32\/2018\/04\/Dom-Roberto-270x270.jpg\" srcset=\"http:\/\/www.cnbb.org.br\/wp-content\/uploads\/sites\/32\/2018\/04\/Dom-Roberto-270x270.jpg 270w, http:\/\/www.cnbb.org.br\/wp-content\/uploads\/sites\/32\/2018\/04\/Dom-Roberto-270x270-150x150.jpg 150w\" alt=\"\" width=\"209\" height=\"209\" \/><\/p>\n<p class=\"wp-caption-text\"><em>Dom Roberto Ferrer\u00eda Paz. Foto: Matheus de Souza\/CNBB<\/em><\/p>\n<\/div>\n<p><strong><em>\u201cComo bispo pertencente a Comiss\u00e3o Episcopal Pastoral para Cultura e Educa\u00e7\u00e3o da Confer\u00eancia Nacional dos Bispos do Brasil (CNBB) nos sentimos profundamente atingidos pois \u00e9 destru\u00edda parte de nossa mem\u00f3ria, inclusive eclesi\u00e1stica, prejudicando seriamente a pesquisa antropol\u00f3gica e a pr\u00f3pria identidade nacional\u201d, destaca o bispo de Campos (RJ) e membro da Comiss\u00e3o, dom Roberto Ferrer\u00eda Paz.<\/em><\/strong><\/p>\n<p>A institui\u00e7\u00e3o que havia completado 200 anos em junho deste ano, guardava um acervo de 20 milh\u00f5es de itens. Entre eles, o f\u00f3ssil humano mais antigo j\u00e1 encontrado no pa\u00eds, batizada de \u201cLuzia\u201d. Al\u00e9m de m\u00famias, registros hist\u00f3ricos e obras de arte que viraram cinzas.<\/p>\n<p>Dom Roberto Ferrer\u00eda Paz ressalta ainda que: <em><strong>\u201cesta verdadeira trag\u00e9dia fala do descaso do patrim\u00f4nio p\u00fablico e da falta de pol\u00edticas preventivas dos bens culturais, patrim\u00f4nio da humanidade inteira de valores inestim\u00e1veis\u201d.<\/strong><\/em><\/p>\n<div id=\"attachment_200196\" class=\"wp-caption alignleft\">\n<p><img loading=\"lazy\" decoding=\"async\" class=\" wp-image-200196\" src=\"http:\/\/www.cnbb.org.br\/wp-content\/uploads\/sites\/32\/2018\/09\/Fachada-do-Museu-Nacional-no-Rio-de-Janeiro_Foto_Reprodu%C3%A7%C3%A3o_Roberto-da-Silva_Museu-Nacional-271x300.jpg\" srcset=\"http:\/\/www.cnbb.org.br\/wp-content\/uploads\/sites\/32\/2018\/09\/Fachada-do-Museu-Nacional-no-Rio-de-Janeiro_Foto_Reprodu\u00e7\u00e3o_Roberto-da-Silva_Museu-Nacional-271x300.jpg 271w, http:\/\/www.cnbb.org.br\/wp-content\/uploads\/sites\/32\/2018\/09\/Fachada-do-Museu-Nacional-no-Rio-de-Janeiro_Foto_Reprodu\u00e7\u00e3o_Roberto-da-Silva_Museu-Nacional-768x849.jpg 768w, http:\/\/www.cnbb.org.br\/wp-content\/uploads\/sites\/32\/2018\/09\/Fachada-do-Museu-Nacional-no-Rio-de-Janeiro_Foto_Reprodu\u00e7\u00e3o_Roberto-da-Silva_Museu-Nacional-926x1024.jpg 926w, http:\/\/www.cnbb.org.br\/wp-content\/uploads\/sites\/32\/2018\/09\/Fachada-do-Museu-Nacional-no-Rio-de-Janeiro_Foto_Reprodu\u00e7\u00e3o_Roberto-da-Silva_Museu-Nacional.jpg 1000w\" alt=\"\" width=\"307\" height=\"340\" \/><\/p>\n<p class=\"wp-caption-text\"><em>Fachada do Museu Nacional no Rio de Janeiro. Foto: Reprodu\u00e7\u00e3o\/ Roberto da Silva\/Museu Nacional<\/em><\/p>\n<\/div>\n<p>O Museu Nacional criado por D. Jo\u00e3o VI em 1818 e j\u00e1 foi resid\u00eancia de um rei e dois imperadores. Desde 1946, \u00e9 vinculado \u00e0 Universidade Federal do Rio de Janeiro. A institui\u00e7\u00e3o que tem um perfil acad\u00eamico e cient\u00edfico sofria com falta de reformas e enfrentava problemas de or\u00e7amento.<\/p>\n<p>Para Dom Roberto, neste ano eleitoral \u00e9 necess\u00e1rio n\u00e3o esquecer esta agenda cultural na escolha de candidatos que zelem pelo bem comum e protejam o que pertence ao nosso povo.<\/p>\n<p><em><strong>\u201cEste incidente revela a necessidade de projetos culturais abrangentes que n\u00e3o s\u00f3 preservem o legado e memorial, mas sensibilizem a popula\u00e7\u00e3o e promovam uma educa\u00e7\u00e3o de valoriza\u00e7\u00e3o e reflex\u00e3o sobre a miss\u00e3o de defender o patrim\u00f4nio hist\u00f3rico e cultural como um direito intergeracional para o crescimento de todas as pessoas\u201d.<\/strong><\/em><\/p>\n<p>Como o Museu Nacional \u00e9 uma institui\u00e7\u00e3o Federal, a Delegacia de Repress\u00e3o a Crimes de Meio Ambiente e Patrim\u00f4nio Hist\u00f3rico, da Pol\u00edcia Federal, que vai apurar se o inc\u00eandio foi criminoso ou n\u00e3o.<\/p>\n","protected":false},"excerpt":{"rendered":"<p>O inc\u00eandio de grandes propor\u00e7\u00f5es que destruiu o Museu Nacional, na Quinta da Boa Vista, em S\u00e3o Crist\u00f3v\u00e3o, Zona Norte do Rio de Janeiro, traz \u00e0 tona a realidade da conserva\u00e7\u00e3o e preserva\u00e7\u00e3o do patrim\u00f4nio hist\u00f3rico e cultural do Brasil. A falta de investimento do poder p\u00fablico em manuten\u00e7\u00e3o e conserva\u00e7\u00e3o desses espa\u00e7os s\u00f3 multiplicou [&hellip;]<\/p>\n","protected":false},"author":1,"featured_media":43558,"comment_status":"open","ping_status":"closed","sticky":false,"template":"","format":"standard","meta":{"footnotes":""},"categories":[13],"tags":[],"class_list":["post-43556","post","type-post","status-publish","format-standard","has-post-thumbnail","hentry","category-featured"],"_links":{"self":[{"href":"https:\/\/catolicanet.net\/wp-cnet\/wp-json\/wp\/v2\/posts\/43556","targetHints":{"allow":["GET"]}}],"collection":[{"href":"https:\/\/catolicanet.net\/wp-cnet\/wp-json\/wp\/v2\/posts"}],"about":[{"href":"https:\/\/catolicanet.net\/wp-cnet\/wp-json\/wp\/v2\/types\/post"}],"author":[{"embeddable":true,"href":"https:\/\/catolicanet.net\/wp-cnet\/wp-json\/wp\/v2\/users\/1"}],"replies":[{"embeddable":true,"href":"https:\/\/catolicanet.net\/wp-cnet\/wp-json\/wp\/v2\/comments?post=43556"}],"version-history":[{"count":2,"href":"https:\/\/catolicanet.net\/wp-cnet\/wp-json\/wp\/v2\/posts\/43556\/revisions"}],"predecessor-version":[{"id":43561,"href":"https:\/\/catolicanet.net\/wp-cnet\/wp-json\/wp\/v2\/posts\/43556\/revisions\/43561"}],"wp:featuredmedia":[{"embeddable":true,"href":"https:\/\/catolicanet.net\/wp-cnet\/wp-json\/wp\/v2\/media\/43558"}],"wp:attachment":[{"href":"https:\/\/catolicanet.net\/wp-cnet\/wp-json\/wp\/v2\/media?parent=43556"}],"wp:term":[{"taxonomy":"category","embeddable":true,"href":"https:\/\/catolicanet.net\/wp-cnet\/wp-json\/wp\/v2\/categories?post=43556"},{"taxonomy":"post_tag","embeddable":true,"href":"https:\/\/catolicanet.net\/wp-cnet\/wp-json\/wp\/v2\/tags?post=43556"}],"curies":[{"name":"wp","href":"https:\/\/api.w.org\/{rel}","templated":true}]}}