{"id":43549,"date":"2018-09-04T15:34:59","date_gmt":"2018-09-04T18:34:59","guid":{"rendered":"http:\/\/catolicanet.net\/wp-cnet\/?p=43549"},"modified":"2018-09-04T15:34:59","modified_gmt":"2018-09-04T18:34:59","slug":"diocese-duque-de-caxias-rj-se-despede-de-padres-missionarios-italianos","status":"publish","type":"post","link":"https:\/\/catolicanet.net\/wp-cnet\/diocese-duque-de-caxias-rj-se-despede-de-padres-missionarios-italianos\/","title":{"rendered":"Diocese Duque de Caxias (RJ) se despede de padres mission\u00e1rios italianos"},"content":{"rendered":"<p>Depois de 52 anos desde que o primeiro mission\u00e1rio padovano chegou na Par\u00f3quia Nossa Senhora do Pilar, em Duque de Caxias (RJ), a miss\u00e3o italiana que atuava na diocese se despede. Ao longo desse tempo, muitos padres, leigos e leigas\u00a0deixaram suas fam\u00edlias e sua terra natal para viver um tempo de miss\u00e3o na Baixada Fluminense. Alguns deles, como bispo de Barra do Pira\u00ed \u2013 Volta Redonda, dom Francesco Biasin e o padre Orazio Zecchin, viveram a maior parte de suas vidas no Brasil, desde os primeiros momentos de seus minist\u00e9rios como padres.\u00a0Os mission\u00e1rios italianos seguem para a Amaz\u00f4nia, onde desde o ano passado realizam a miss\u00e3o na cidade de Caracara\u00ed, Diocese de Roraima.<\/p>\n<p>Leia a \u00edntegra da mat\u00e9ria no site do <a href=\"http:\/\/cnbbleste1.org.br\/2018\/09\/diocese-duque-de-caxias-se-despede-de-missionarios-italianos\/\"><strong>Regional Leste 1 da CNBB<\/strong><\/a><\/p>\n<p>&nbsp;<\/p>\n","protected":false},"excerpt":{"rendered":"<p>Depois de 52 anos desde que o primeiro mission\u00e1rio padovano chegou na Par\u00f3quia Nossa Senhora do Pilar, em Duque de Caxias (RJ), a miss\u00e3o italiana que atuava na diocese se despede. Ao longo desse tempo, muitos padres, leigos e leigas\u00a0deixaram suas fam\u00edlias e sua terra natal para viver um tempo de miss\u00e3o na Baixada Fluminense. [&hellip;]<\/p>\n","protected":false},"author":1,"featured_media":43551,"comment_status":"open","ping_status":"closed","sticky":false,"template":"","format":"standard","meta":{"footnotes":""},"categories":[7],"tags":[],"class_list":["post-43549","post","type-post","status-publish","format-standard","has-post-thumbnail","hentry","category-cnbb"],"_links":{"self":[{"href":"https:\/\/catolicanet.net\/wp-cnet\/wp-json\/wp\/v2\/posts\/43549","targetHints":{"allow":["GET"]}}],"collection":[{"href":"https:\/\/catolicanet.net\/wp-cnet\/wp-json\/wp\/v2\/posts"}],"about":[{"href":"https:\/\/catolicanet.net\/wp-cnet\/wp-json\/wp\/v2\/types\/post"}],"author":[{"embeddable":true,"href":"https:\/\/catolicanet.net\/wp-cnet\/wp-json\/wp\/v2\/users\/1"}],"replies":[{"embeddable":true,"href":"https:\/\/catolicanet.net\/wp-cnet\/wp-json\/wp\/v2\/comments?post=43549"}],"version-history":[{"count":1,"href":"https:\/\/catolicanet.net\/wp-cnet\/wp-json\/wp\/v2\/posts\/43549\/revisions"}],"predecessor-version":[{"id":43552,"href":"https:\/\/catolicanet.net\/wp-cnet\/wp-json\/wp\/v2\/posts\/43549\/revisions\/43552"}],"wp:featuredmedia":[{"embeddable":true,"href":"https:\/\/catolicanet.net\/wp-cnet\/wp-json\/wp\/v2\/media\/43551"}],"wp:attachment":[{"href":"https:\/\/catolicanet.net\/wp-cnet\/wp-json\/wp\/v2\/media?parent=43549"}],"wp:term":[{"taxonomy":"category","embeddable":true,"href":"https:\/\/catolicanet.net\/wp-cnet\/wp-json\/wp\/v2\/categories?post=43549"},{"taxonomy":"post_tag","embeddable":true,"href":"https:\/\/catolicanet.net\/wp-cnet\/wp-json\/wp\/v2\/tags?post=43549"}],"curies":[{"name":"wp","href":"https:\/\/api.w.org\/{rel}","templated":true}]}}