{"id":4352,"date":"2014-03-11T13:22:22","date_gmt":"2014-03-11T16:22:22","guid":{"rendered":"http:\/\/catolicanet.net\/wp-cnet\/card-hummes-como-transformar-paroquias-e-comunidades\/"},"modified":"2017-04-04T15:32:14","modified_gmt":"2017-04-04T18:32:14","slug":"card-hummes-como-transformar-paroquias-e-comunidades","status":"publish","type":"post","link":"https:\/\/catolicanet.net\/wp-cnet\/card-hummes-como-transformar-paroquias-e-comunidades\/","title":{"rendered":"Card. Hummes: como transformar par\u00f3quias e comunidades?"},"content":{"rendered":"<p style=\"text-align: justify;\"><img decoding=\"async\" src=\"http:\/\/catolicanet.com.br\/images\/stories\/cardhummes14.jpg\" border=\"0\" align=\"left\" \/>Na semana em que o Pont\u00edfice e seus colaboradores est\u00e3o fazendo exerc\u00edcios espirituais na localidade de Ariccia, perto de Roma, n\u00f3s recordamos o primeiro anivers\u00e1rio da elei\u00e7\u00e3o de Francisco, ocorrida em 13 de mar\u00e7o. O Programa Brasileiro traz nesta ter\u00e7a-feira, 11, parte de uma entrevista exclusiva com o Cardeal Cl\u00e1udio Hummes, amigo, inspirador e ainda hoje conselheiro de Francisco.<\/p>\n<p>Dom Cl\u00e1udio nos fala da dificuldade de algumas par\u00f3quias e comunidades em transformarem sua pastoral, adaptando-a ao chamado de Francisco por uma Igreja mission\u00e1ria, sempre de portas abertas, que n\u00e3o apenas \u201cconserve\u201d, mas procure os fi\u00e9is. Leia abaixo, e se quiser ouvir, clique no link acima.<\/p>\n<p>\u201cIsto leva certo tempo, porque mexer com as programa\u00e7\u00f5es e com os costumes n\u00e3o \u00e9 t\u00e3o simples. Imagine um p\u00e1roco que h\u00e1 20 anos toca seu esquema de vida. De repente, ele \u00e9 interpelado para sair e n\u00e3o s\u00f3 cuidar da comunidade j\u00e1 existente. O Papa Bento XVI j\u00e1 dizia que n\u00e3o basta conservar o que j\u00e1 temos (discurso aos bispos alem\u00e3es em 2006); que \u00e9 preciso transformar a Europa num grande campo de miss\u00e3o. As comunidades s\u00e3o a grande riqueza da Igreja\u201d.<\/p>\n<p>\u201cComo realmente transformar-se assim mesmo, e transformar a nossa pastoral, como ajudar as nossas comunidades a tamb\u00e9m se transformarem, como pessoas e como comunidades?\u201d<\/p>\n<p>\u201cQuando se diz que a par\u00f3quia deve ser \u2019mission\u00e1ria\u2019, que deve sair em busca e ir encontrar-se com as pessoas, sobretudo nas periferias, junto aos mais afastados, sofridos, abandonados, isolados&#8230; isto significa uma mudan\u00e7a muito grande de din\u00e2mica. Muitos padres se perguntam: n\u00e3o vou conseguir fazer isto, minha par\u00f3quia tem 30, 40 mil habitantes&#8230; Muitos ainda n\u00e3o perceberam que n\u00e3o \u00e9 ele sozinho que deve fazer isto; deve transformar sua comunidade, e ela sair com ele em busca de todas as fam\u00edlias\u201d.<\/p>\n<p><strong>Fonte:<\/strong> R\u00e1dio Vaticano<br \/><strong>Local:<\/strong> Cidade do Vaticano<\/p>\n","protected":false},"excerpt":{"rendered":"<p>Na semana em que o Pont\u00edfice e seus colaboradores est\u00e3o fazendo exerc\u00edcios espirituais na localidade de Ariccia, perto de Roma, n\u00f3s recordamos o primeiro anivers\u00e1rio da elei\u00e7\u00e3o de Francisco, ocorrida em 13 de mar\u00e7o. O Programa Brasileiro traz nesta ter\u00e7a-feira, 11, parte de uma entrevista exclusiva com o Cardeal Cl\u00e1udio Hummes, amigo, inspirador e ainda [&hellip;]<\/p>\n","protected":false},"author":1,"featured_media":0,"comment_status":"closed","ping_status":"closed","sticky":false,"template":"","format":"standard","meta":{"footnotes":""},"categories":[3],"tags":[],"class_list":["post-4352","post","type-post","status-publish","format-standard","hentry","category-vaticano"],"_links":{"self":[{"href":"https:\/\/catolicanet.net\/wp-cnet\/wp-json\/wp\/v2\/posts\/4352","targetHints":{"allow":["GET"]}}],"collection":[{"href":"https:\/\/catolicanet.net\/wp-cnet\/wp-json\/wp\/v2\/posts"}],"about":[{"href":"https:\/\/catolicanet.net\/wp-cnet\/wp-json\/wp\/v2\/types\/post"}],"author":[{"embeddable":true,"href":"https:\/\/catolicanet.net\/wp-cnet\/wp-json\/wp\/v2\/users\/1"}],"replies":[{"embeddable":true,"href":"https:\/\/catolicanet.net\/wp-cnet\/wp-json\/wp\/v2\/comments?post=4352"}],"version-history":[{"count":1,"href":"https:\/\/catolicanet.net\/wp-cnet\/wp-json\/wp\/v2\/posts\/4352\/revisions"}],"predecessor-version":[{"id":9157,"href":"https:\/\/catolicanet.net\/wp-cnet\/wp-json\/wp\/v2\/posts\/4352\/revisions\/9157"}],"wp:attachment":[{"href":"https:\/\/catolicanet.net\/wp-cnet\/wp-json\/wp\/v2\/media?parent=4352"}],"wp:term":[{"taxonomy":"category","embeddable":true,"href":"https:\/\/catolicanet.net\/wp-cnet\/wp-json\/wp\/v2\/categories?post=4352"},{"taxonomy":"post_tag","embeddable":true,"href":"https:\/\/catolicanet.net\/wp-cnet\/wp-json\/wp\/v2\/tags?post=4352"}],"curies":[{"name":"wp","href":"https:\/\/api.w.org\/{rel}","templated":true}]}}