{"id":43504,"date":"2018-09-03T16:27:25","date_gmt":"2018-09-03T19:27:25","guid":{"rendered":"http:\/\/catolicanet.net\/wp-cnet\/?p=43504"},"modified":"2018-09-03T16:27:25","modified_gmt":"2018-09-03T19:27:25","slug":"congresso-eucaristico-encerra-comemoracoes-de-60-anos-da-arquidiocese-de-vitoria","status":"publish","type":"post","link":"https:\/\/catolicanet.net\/wp-cnet\/congresso-eucaristico-encerra-comemoracoes-de-60-anos-da-arquidiocese-de-vitoria\/","title":{"rendered":"Congresso Eucar\u00edstico encerra comemora\u00e7\u00f5es de 60 anos da arquidiocese de Vit\u00f3ria"},"content":{"rendered":"<p>\u201cCora\u00e7\u00f5es e m\u00e3os estendidos\u201d \u00e9 o tema que anima as celebra\u00e7\u00f5es do 1\u00ba Congresso Eucar\u00edstico da Arquidiocese de Vit\u00f3ria (ES). Iniciado no \u00faltimo s\u00e1bado, dia 1\u00ba, o evento segue at\u00e9 dia 8, quando \u00e9 celebrado o dia de Nossa Senhora da Vit\u00f3ria, padroeira arquidiocesana. As principais atividades acontecem na Pra\u00e7a da Catedral, no Centro de Vit\u00f3ria.<\/p>\n<p>O Congresso conta com celebra\u00e7\u00f5es eucar\u00edsticas di\u00e1rias presididas por bispos, admiss\u00e3o de coroinhas, institui\u00e7\u00e3o de Ministros Extraordin\u00e1rios da Eucaristia, ordena\u00e7\u00e3o de padres e primeira comunh\u00e3o de crian\u00e7as. Catequeses, momentos de adora\u00e7\u00e3o ao Sant\u00edssimo Sacramento, atos devocionais e atendimento de confiss\u00e3o tamb\u00e9m parte da programa\u00e7\u00e3o.<\/p>\n<p><a href=\"http:\/\/www.cnbbleste2.org.br\/index.php?pagina=grupo_noticia&amp;tela=10&amp;vw=2539\">Leia a not\u00edcia na \u00edntegra.\u00a0<\/a><\/p>\n","protected":false},"excerpt":{"rendered":"<p>\u201cCora\u00e7\u00f5es e m\u00e3os estendidos\u201d \u00e9 o tema que anima as celebra\u00e7\u00f5es do 1\u00ba Congresso Eucar\u00edstico da Arquidiocese de Vit\u00f3ria (ES). Iniciado no \u00faltimo s\u00e1bado, dia 1\u00ba, o evento segue at\u00e9 dia 8, quando \u00e9 celebrado o dia de Nossa Senhora da Vit\u00f3ria, padroeira arquidiocesana. As principais atividades acontecem na Pra\u00e7a da Catedral, no Centro de [&hellip;]<\/p>\n","protected":false},"author":1,"featured_media":43505,"comment_status":"open","ping_status":"closed","sticky":false,"template":"","format":"standard","meta":{"footnotes":""},"categories":[7],"tags":[],"class_list":["post-43504","post","type-post","status-publish","format-standard","has-post-thumbnail","hentry","category-cnbb"],"_links":{"self":[{"href":"https:\/\/catolicanet.net\/wp-cnet\/wp-json\/wp\/v2\/posts\/43504","targetHints":{"allow":["GET"]}}],"collection":[{"href":"https:\/\/catolicanet.net\/wp-cnet\/wp-json\/wp\/v2\/posts"}],"about":[{"href":"https:\/\/catolicanet.net\/wp-cnet\/wp-json\/wp\/v2\/types\/post"}],"author":[{"embeddable":true,"href":"https:\/\/catolicanet.net\/wp-cnet\/wp-json\/wp\/v2\/users\/1"}],"replies":[{"embeddable":true,"href":"https:\/\/catolicanet.net\/wp-cnet\/wp-json\/wp\/v2\/comments?post=43504"}],"version-history":[{"count":1,"href":"https:\/\/catolicanet.net\/wp-cnet\/wp-json\/wp\/v2\/posts\/43504\/revisions"}],"predecessor-version":[{"id":43506,"href":"https:\/\/catolicanet.net\/wp-cnet\/wp-json\/wp\/v2\/posts\/43504\/revisions\/43506"}],"wp:featuredmedia":[{"embeddable":true,"href":"https:\/\/catolicanet.net\/wp-cnet\/wp-json\/wp\/v2\/media\/43505"}],"wp:attachment":[{"href":"https:\/\/catolicanet.net\/wp-cnet\/wp-json\/wp\/v2\/media?parent=43504"}],"wp:term":[{"taxonomy":"category","embeddable":true,"href":"https:\/\/catolicanet.net\/wp-cnet\/wp-json\/wp\/v2\/categories?post=43504"},{"taxonomy":"post_tag","embeddable":true,"href":"https:\/\/catolicanet.net\/wp-cnet\/wp-json\/wp\/v2\/tags?post=43504"}],"curies":[{"name":"wp","href":"https:\/\/api.w.org\/{rel}","templated":true}]}}