{"id":4345,"date":"2014-03-11T13:06:54","date_gmt":"2014-03-11T16:06:54","guid":{"rendered":"http:\/\/catolicanet.net\/wp-cnet\/esporte-e-peregrinacao\/"},"modified":"2017-04-04T15:34:21","modified_gmt":"2017-04-04T18:34:21","slug":"esporte-e-peregrinacao","status":"publish","type":"post","link":"https:\/\/catolicanet.net\/wp-cnet\/esporte-e-peregrinacao\/","title":{"rendered":"Esporte e peregrina\u00e7\u00e3o"},"content":{"rendered":"<p style=\"text-align: justify;\">\n<p> Um dos trabalhos do Pontif\u00edcio Conselho dos Leigos para o qual fui designado como Conselheiro pelo Papa Francisco \u00e9 a dimens\u00e3o esportiva. No passado j\u00e1 recebemos o respons\u00e1vel por essa dimens\u00e3o quando reiniciamos o trabalho dessa pastoral. Agora, \u00e0s v\u00e9speras da Copa do Mundo e preparando as Olimp\u00edadas, somos instados a retomar com afinco essa pastoral. Tanto na organiza\u00e7\u00e3o interna da Arquidiocese e seus relacionamentos com essa pastoral, como tamb\u00e9m a nossa presen\u00e7a evangelizadora nesses tempos de tantas disputas. Para isso, j\u00e1 recebemos da Arquidiocese de Londres os s\u00edmbolos religiosos dessa pastoral, que teve um belo desempenho nas Ol\u00edmpiadas l\u00e1 ocorridas. <br \/> Nessas disputas internacionais existem outros aspectos, al\u00e9m do esportivo, que necessitam de um bom trabalho pastoral e, nesse sentido, o tema da Campanha da Fraternidade deste ano tamb\u00e9m nos ajuda. Mas o nosso foco hoje \u00e9 mais um tipo de esporte dessa pastoral ligada \u00e0 tradi\u00e7\u00e3o de peregrina\u00e7\u00e3o ou romaria.<br \/> Entre as v\u00e1rias modalidades, o ciclismo, enquanto esporte e enquanto peregrina\u00e7\u00e3o, tem j\u00e1 uma vasta tradi\u00e7\u00e3o em nossa Arquidiocese, at\u00e9 mesmo tendo rotas alternativas para a Romaria at\u00e9 Aparecida.<br \/>No in\u00edcio de fevereiro,a missa do \u201cRio Celebra\u201d, celebrada na Par\u00f3quia Santa Rosa de Lima, foi em a\u00e7\u00e3o de gra\u00e7as pela Pastoral do Esporte de nossa Arquidiocese, representada pelo Pe. Marcos Vin\u00edcius e todos os ciclistas da Arquidiocese do Rio de Janeiro, que iniciaram a sua romaria cicl\u00edstica pela Paz para a Aparecida, sob a coordena\u00e7\u00e3o e dirigente espiritual do Padre Crist\u00f3v\u00e3o, quando, pelo exerc\u00edcio f\u00edsico junto \u00e0 natureza, os ciclistas elevam e rezam o seu pensamento para a Sant\u00edssima Trindade. <br \/> Os ciclistas do Rio de Janeiro j\u00e1 tinham feito uma rota alternativa quinze dias antes e nessa data foram pela via Dutra \u2013 percurso mais r\u00e1pido. Eles contam das medita\u00e7\u00f5es que fazem durante o trajeto e como isso faz bem para a sa\u00fade e para a espiritualidade. \u00c9 uma ciclorromaria.<br \/> Naquela ocasi\u00e3o, lembramos da import\u00e2ncia de pedirmos a sabedoria, como Salom\u00e3o, e termos tempo para a ora\u00e7\u00e3o com Jesus. Sabedoria para discernir o plano de Deus e aproveitarmos as ocasi\u00f5es para rezar, tamb\u00e9m em uma romaria cicl\u00edstica. <br \/>Muitas s\u00e3o as situa\u00e7\u00f5es que v\u00e1rios t\u00eam na sua miss\u00e3o. Cada um de n\u00f3s a tem na sua fam\u00edlia, no seu trabalho, na sua pastoral, na sua par\u00f3quia em que somos chamados a ver as pessoas com carinho. Temos que pastorear, ajudar as pessoas, resolver os problemas que existem, com a sabedoria do Senhor.<br \/> Para quem vai em romaria, em peregrina\u00e7\u00e3o, durante o trajeto, nas suas paradas, n\u00f3s enxergamos muitas situa\u00e7\u00f5es. No nosso dia a dia, no olhar do ir e vir da nossa vida vemos tantas situa\u00e7\u00f5es que existem de pessoas machucadas que devemos pedir a sabedoria que vem do Senhor.<br \/> Jesus quer estar com os seus disc\u00edpulos para um tempo de ora\u00e7\u00e3o. E devemos aprender, ainda mais nesse tempo da Quaresma, a viver continuamente aproveitando cada instante para uma vida de ora\u00e7\u00e3o. Acabamos fazendo de nossa vida um verdadeiro retiro espiritual.<br \/> Mais do que chegar ao destino, mais do que uma quest\u00e3o f\u00edsica, somos chamados a rezar, a ver e contemplar os sinais que Deus coloca em nosso trajeto, com o sil\u00eancio e a contempla\u00e7\u00e3o. Por isso, no dia a dia devemos aprender a parar, a olhar a realidade com os olhos do Senhor. \u00c9 uma palavra muito rica, diante de realidades t\u00e3o diferentes, pedir ao Senhor que tenhamos olhos para enxergar a realidade do pastoreio, e que a Igreja tenha as pessoas para pastorear, que tenha tempo de reflex\u00e3o, de ora\u00e7\u00e3o, de comunh\u00e3o com o Senhor, que faz a diferen\u00e7a no nosso modo de trabalhar, servir e peregrinar.<br \/> Lembremo-nos das palavras do Papa Francisco durante a JMJRio 2013: &#8220;Que o esporte seja sempre instrumento de interc\u00e2mbio e crescimento e nunca de viol\u00eancia nem de \u00f3dio\u201d (25 de julho de 2013). Este deve ser o bom prop\u00f3sito da Pastoral do Esporte e de todos os homens e mulheres de boa vontade!\u00a0\u00a0\u00a0\u00a0\u00a0\u00a0\u00a0\u00a0\u00a0\u00a0\u00a0\u00a0\u00a0\u00a0\u00a0\u00a0\u00a0\u00a0\u00a0\u00a0\u00a0\u00a0\u00a0\u00a0\u00a0\u00a0\u00a0\u00a0\u00a0\u00a0\u00a0\u00a0\u00a0\u00a0\u00a0\u00a0\u00a0\u00a0\u00a0\u00a0\u00a0\u00a0\u00a0\u00a0 <\/p>\n","protected":false},"excerpt":{"rendered":"<p>Um dos trabalhos do Pontif\u00edcio Conselho dos Leigos para o qual fui designado como Conselheiro pelo Papa Francisco \u00e9 a dimens\u00e3o esportiva. No passado j\u00e1 recebemos o respons\u00e1vel por essa dimens\u00e3o quando reiniciamos o trabalho dessa pastoral. Agora, \u00e0s v\u00e9speras da Copa do Mundo e preparando as Olimp\u00edadas, somos instados a retomar com afinco essa [&hellip;]<\/p>\n","protected":false},"author":5,"featured_media":0,"comment_status":"closed","ping_status":"closed","sticky":false,"template":"","format":"standard","meta":{"footnotes":""},"categories":[9],"tags":[],"class_list":["post-4345","post","type-post","status-publish","format-standard","hentry","category-artigos"],"_links":{"self":[{"href":"https:\/\/catolicanet.net\/wp-cnet\/wp-json\/wp\/v2\/posts\/4345","targetHints":{"allow":["GET"]}}],"collection":[{"href":"https:\/\/catolicanet.net\/wp-cnet\/wp-json\/wp\/v2\/posts"}],"about":[{"href":"https:\/\/catolicanet.net\/wp-cnet\/wp-json\/wp\/v2\/types\/post"}],"author":[{"embeddable":true,"href":"https:\/\/catolicanet.net\/wp-cnet\/wp-json\/wp\/v2\/users\/5"}],"replies":[{"embeddable":true,"href":"https:\/\/catolicanet.net\/wp-cnet\/wp-json\/wp\/v2\/comments?post=4345"}],"version-history":[{"count":1,"href":"https:\/\/catolicanet.net\/wp-cnet\/wp-json\/wp\/v2\/posts\/4345\/revisions"}],"predecessor-version":[{"id":9161,"href":"https:\/\/catolicanet.net\/wp-cnet\/wp-json\/wp\/v2\/posts\/4345\/revisions\/9161"}],"wp:attachment":[{"href":"https:\/\/catolicanet.net\/wp-cnet\/wp-json\/wp\/v2\/media?parent=4345"}],"wp:term":[{"taxonomy":"category","embeddable":true,"href":"https:\/\/catolicanet.net\/wp-cnet\/wp-json\/wp\/v2\/categories?post=4345"},{"taxonomy":"post_tag","embeddable":true,"href":"https:\/\/catolicanet.net\/wp-cnet\/wp-json\/wp\/v2\/tags?post=4345"}],"curies":[{"name":"wp","href":"https:\/\/api.w.org\/{rel}","templated":true}]}}