{"id":43393,"date":"2018-08-30T09:37:05","date_gmt":"2018-08-30T12:37:05","guid":{"rendered":"http:\/\/catolicanet.net\/wp-cnet\/?p=43393"},"modified":"2018-08-30T10:03:38","modified_gmt":"2018-08-30T13:03:38","slug":"o-papa-as-fake-news-e-o-ato-de-confianca-nos-jornalistas","status":"publish","type":"post","link":"https:\/\/catolicanet.net\/wp-cnet\/o-papa-as-fake-news-e-o-ato-de-confianca-nos-jornalistas\/","title":{"rendered":"O Papa, as fake news e o ato de confian\u00e7a nos jornalistas"},"content":{"rendered":"<div class=\"article__subTitle\">Nesta quarta-feira na Pra\u00e7a S\u00e3o Pedro, um coro de fi\u00e9is para o seu bispo foi transformado em um ato de protesto contra o Papa Francisco. Uma fake news que girou o mundo.<\/div>\n<div class=\"title__separator\"><\/div>\n<div class=\"article__text\">\n<p><b>Alessandro Gisotti &#8211; Cidade do Vaticano<\/b><\/p>\n<p>A cena \u00e9 a habitual da quarta-feira na Pra\u00e7a S\u00e3o Pedro. O Papa conclui a sua catequese, concede a sua b\u00ean\u00e7\u00e3o e cumprimenta algumas pessoas que foram admitidas no chamado &#8220;beija m\u00e3o&#8221;. Da pra\u00e7a ergue-se um coro, s\u00e3o fi\u00e9is que festejam algu\u00e9m querido a eles, que pessoalmente est\u00e1 saudando o Santo Padre. Na manh\u00e3 desta quarta-feira, ocorreu que os crismandos da diocese de Lucca entoaram um coro cantando o nome &#8220;Italo&#8221;, nome de seu bispo, Dom Italo Castellano, que estava cumprimentando o Papa Francisco.<\/p>\n<div>\n<div class=\"article__embed article__embed--unwrap article__embed--dark\">\n<div class=\"article__innerTitle\">Ou\u00e7a a reportagem<\/div>\n<div>\n<!--[if lt IE 9]><script>document.createElement('audio');<\/script><![endif]-->\n<audio class=\"wp-audio-shortcode\" id=\"audio-43393-1\" preload=\"none\" style=\"width: 100%;\" controls=\"controls\"><source type=\"audio\/mpeg\" src=\"https:\/\/media.vaticannews.va\/media\/audio\/s1\/2018\/8\/30\/11\/134598121_F134598121.mp3?_=1\" \/><a href=\"https:\/\/media.vaticannews.va\/media\/audio\/s1\/2018\/8\/30\/11\/134598121_F134598121.mp3\">https:\/\/media.vaticannews.va\/media\/audio\/s1\/2018\/8\/30\/11\/134598121_F134598121.mp3<\/a><\/audio>\n<\/div>\n<\/div>\n<\/div>\n<p>Tudo normal se n\u00e3o fosse que algu\u00e9m se disse convicto de ter ouvido um coro que exaltava Vigan\u00f2, o ex-n\u00fancio nos EUA, autor do conhecido documento de acusa\u00e7\u00e3o contra o Papa. A not\u00edcia \u00e9 daquelas que fazem clamor, de primeira p\u00e1gina. Pena que seja falsa. Para notar isso seria basicamente suficiente ouvir atentamente o v\u00eddeo do Vatican News no Youtube, portanto acess\u00edvel a todos, para perceber que, apesar de n\u00e3o saber que era para &#8220;Italo&#8221;, certamente aquele coro n\u00e3o era para &#8220;Vigan\u00f2&#8221;. O fato \u00e9 que em poucos minutos a &#8220;not\u00edcia&#8221; se tornou viral nas m\u00eddias sociais e a partir da\u00ed \u2013 como cada vez mais acontece &#8211; passa \u00a0\u00e0 informa\u00e7\u00e3o <i>main stream<\/i>. Aparentemente sem filtros.<\/p>\n<p>Em alguns sites de jornais, portanto, lemos que o Papa foi contestado pelos fi\u00e9is na Pra\u00e7a S\u00e3o Pedro, que exaltavam o &#8220;grande acusador&#8221; Carlo Maria Vigan\u00f2. A verdadeira not\u00edcia surge em breve, gra\u00e7as ao profissionalismo daqueles que se d\u00e3o ao trabalho de ouvir novamente o \u00e1udio e &#8220;descobrir&#8221; a presen\u00e7a na Pra\u00e7a S\u00e3o Pedro do grupo de fi\u00e9is da cidade de Lucca que, durante algumas horas, gra\u00e7as a esta <i>fake news<\/i> se tornaram &#8220;famosas&#8221; mesmo sem querer. A hist\u00f3ria, que tem alguns aspectos surrealistas e para alguns aspectos at\u00e9 mesmo c\u00f4micos, \u00e9 na verdade o sintoma perturbador de um sistema midi\u00e1tico que, na busca exasperada do <i>scoop<\/i> da not\u00edcia, n\u00e3o analisa os fatos, mas os dobra\u00a0 para o que parece ser a expectativa do seu p\u00fablico.<\/p>\n<p>Precisamente o Papa Francisco, na sua \u00faltima Mensagem para o Dia Mundial das Comunica\u00e7\u00f5es Sociais, explicou eloquentemente quais s\u00e3o as din\u00e2micas que levam \u00e0 propaga\u00e7\u00e3o de falsas not\u00edcias como esta. A efic\u00e1cia das <i>fake news<\/i>, observa o Papa, &#8220;\u00e9 devido principalmente \u00e0 sua <i>natureza mim\u00e9tica<\/i>, isto \u00e9, \u00e0 capacidade de parecer plaus\u00edvel. Em segundo lugar, essas not\u00edcias falsas, falsas mas prov\u00e1veis, s\u00e3o cativantes, no sentido de que s\u00e3o capazes de capturar a aten\u00e7\u00e3o dos destinat\u00e1rios &#8220;. O Papa observa em seguida um &#8220;uso manipulador das redes sociais,&#8221; as not\u00edcias falsas &#8220;ganham uma tal visibilidade que at\u00e9 mesmo as desmentidas das com autoridade dificilmente conseguem conter os danos.&#8221; O que est\u00e1 em jogo? O que preocupa o Papa? Para Francisco, as &#8220;raz\u00f5es econ\u00f4micas e oportunistas da desinforma\u00e7\u00e3o est\u00e3o enraizadas na sede de poder\u201d que &#8220;nos faz v\u00edtimas de um imbr\u00f3glio muito mais tr\u00e1gico de cada singular manifesta\u00e7\u00e3o: o do mal, que se move de falsidade em falsidade para nos roubar a liberdade do cora\u00e7\u00e3o &#8220;.<\/p>\n<p>Desde o in\u00edcio de seu Pontificado, Francisco manifestou uma grande confian\u00e7a nos operadores da informa\u00e7\u00e3o. Uma confian\u00e7a reafirmada ano ap\u00f3s ano, concedendo numerosas entrevistas tamb\u00e9m a meios de comunica\u00e7\u00e3o que n\u00e3o t\u00eam nenhum poder &#8211; como a revisita dos sem-casa de Mil\u00e3o ou \u00e0 r\u00e1dio de uma favela argentina &#8211; e nunca evitando as perguntas dos jornalistas, mesmo as mais desconfort\u00e1veis. Um ato de confian\u00e7a (e de responsabilidade) que renovou aos jornalistas precisamente no documento de Vigan\u00f2. &#8220;Voc\u00eas t\u00eam a capacidade jornal\u00edstica suficiente para tirar as conclus\u00f5es&#8221;, disse o Papa no voo de volta da Irlanda, &#8220;\u00e9 um ato de confian\u00e7a&#8221;. Uma confian\u00e7a que recorda a ess\u00eancia da profiss\u00e3o jornal\u00edstica que busca a verdade e n\u00e3o a fabrica.<\/p>\n<\/div>\n","protected":false},"excerpt":{"rendered":"<p>Nesta quarta-feira na Pra\u00e7a S\u00e3o Pedro, um coro de fi\u00e9is para o seu bispo foi transformado em um ato de protesto contra o Papa Francisco. Uma fake news que girou o mundo. Alessandro Gisotti &#8211; Cidade do Vaticano A cena \u00e9 a habitual da quarta-feira na Pra\u00e7a S\u00e3o Pedro. O Papa conclui a sua catequese, [&hellip;]<\/p>\n","protected":false},"author":1,"featured_media":43397,"comment_status":"open","ping_status":"closed","sticky":false,"template":"","format":"standard","meta":{"footnotes":""},"categories":[13],"tags":[],"class_list":["post-43393","post","type-post","status-publish","format-standard","has-post-thumbnail","hentry","category-featured"],"_links":{"self":[{"href":"https:\/\/catolicanet.net\/wp-cnet\/wp-json\/wp\/v2\/posts\/43393","targetHints":{"allow":["GET"]}}],"collection":[{"href":"https:\/\/catolicanet.net\/wp-cnet\/wp-json\/wp\/v2\/posts"}],"about":[{"href":"https:\/\/catolicanet.net\/wp-cnet\/wp-json\/wp\/v2\/types\/post"}],"author":[{"embeddable":true,"href":"https:\/\/catolicanet.net\/wp-cnet\/wp-json\/wp\/v2\/users\/1"}],"replies":[{"embeddable":true,"href":"https:\/\/catolicanet.net\/wp-cnet\/wp-json\/wp\/v2\/comments?post=43393"}],"version-history":[{"count":3,"href":"https:\/\/catolicanet.net\/wp-cnet\/wp-json\/wp\/v2\/posts\/43393\/revisions"}],"predecessor-version":[{"id":43401,"href":"https:\/\/catolicanet.net\/wp-cnet\/wp-json\/wp\/v2\/posts\/43393\/revisions\/43401"}],"wp:featuredmedia":[{"embeddable":true,"href":"https:\/\/catolicanet.net\/wp-cnet\/wp-json\/wp\/v2\/media\/43397"}],"wp:attachment":[{"href":"https:\/\/catolicanet.net\/wp-cnet\/wp-json\/wp\/v2\/media?parent=43393"}],"wp:term":[{"taxonomy":"category","embeddable":true,"href":"https:\/\/catolicanet.net\/wp-cnet\/wp-json\/wp\/v2\/categories?post=43393"},{"taxonomy":"post_tag","embeddable":true,"href":"https:\/\/catolicanet.net\/wp-cnet\/wp-json\/wp\/v2\/tags?post=43393"}],"curies":[{"name":"wp","href":"https:\/\/api.w.org\/{rel}","templated":true}]}}