{"id":43382,"date":"2018-08-30T08:18:13","date_gmt":"2018-08-30T11:18:13","guid":{"rendered":"http:\/\/catolicanet.net\/wp-cnet\/?p=43382"},"modified":"2018-08-30T08:18:13","modified_gmt":"2018-08-30T11:18:13","slug":"camaroes-pastoral-carceraria-gera-verdadeira-conversao","status":"publish","type":"post","link":"https:\/\/catolicanet.net\/wp-cnet\/camaroes-pastoral-carceraria-gera-verdadeira-conversao\/","title":{"rendered":"Camar\u00f5es: pastoral carcer\u00e1ria gera verdadeira convers\u00e3o"},"content":{"rendered":"<div class=\"post-content\">\n<p>Irm\u00e3 Orencya, das Irm\u00e3s Palotinas, atua desde de 2009 na Igreja em Camar\u00f5es; ela \u00e9 mission\u00e1ria no ambiente carcer\u00e1rio. Assim, a irm\u00e3 visita os prisioneiros duas vezes por semana na Pris\u00e3o Central de Bafoussam. Esta penitenci\u00e1ria \u00e9 composta por uma ala de mulheres, uma ala de homens adultos e outra ala de jovens; s\u00e3o cerca de 1000 prisioneiros.<\/p>\n<p>H\u00e1 uma comunidade crist\u00e3 na pris\u00e3o h\u00e1 20 anos. Esta comunidade \u00e9 ent\u00e3o animada por um capel\u00e3o, por volunt\u00e1rios da Associa\u00e7\u00e3o Justi\u00e7a e Paz, por novi\u00e7os dos Padres Xaverianos, pela Irm\u00e3 Orencya e por catequistas. Eles n\u00e3o s\u00f3 escutam atentamente aos detentos e levam ajuda material (rem\u00e9dios, roupas, comida), como tamb\u00e9m organizam momentos de ora\u00e7\u00e3o, catequeses e Missas. Ademais, esta comunidade leva o nome do Beato Marcel Callo.<\/p>\n<h2 data-fontsize=\"30\" data-lineheight=\"39\">Detentos testemunham verdadeira convers\u00e3o<\/h2>\n<p>Em 2017, a Funda\u00e7\u00e3o Pontif\u00edcia ACN financiou a reforma dessa capela. V\u00e1rios internos ent\u00e3o escreveram cartas de agradecimento. Aqui est\u00e3o alguns trechos:<\/p>\n<blockquote><p>\u201cVoc\u00eas de fato transformaram nossa capela em um para\u00edso\u201d.<\/p>\n<p>\u201cMuitos dos fi\u00e9is se converteram e muitos daqueles que n\u00e3o vinham \u00e0 igreja s\u00e3o agora os primeiros a irem na capela no dia do Senhor. Voc\u00eas atra\u00edram, sobretudo por meio de suas a\u00e7\u00f5es, almas que tomaram a firme decis\u00e3o de mudar e de serem batizadas\u201d.<\/p>\n<p>\u201cComo Deus nunca abandona Seus filhos quando eles clamam por ajuda, Ele enviou um anjo entre n\u00f3s: Irm\u00e3 Orencya, a fim de ouvir nossos gritos e transmiti-los a voc\u00eas. Obrigado por tudo que fizeram por n\u00f3s, detentos. Muitos prisioneiros, por exemplo, se converteram porque houve melhora da nossa vida no ambiente carcer\u00e1rio. Isso tamb\u00e9m porque muitos de n\u00f3s frequentam as aulas de catequese e fazem parte de grupos de ora\u00e7\u00e3o da nossa Comunidade de Marcel Callo. Recebendo t\u00e3o grande apoio de voc\u00eas, entendemos que n\u00e3o estamos abandonados, apesar de nossas falhas; e que o Senhor est\u00e1 sempre conosco. Gra\u00e7as a Deus e a voc\u00eas, sou feliz por viver minha deten\u00e7\u00e3o na paz, alegria e amor de Cristo\u201d.<\/p>\n<p>\u201cDeus me permitiu entrar nesta pris\u00e3o para conhec\u00ea-lo. L\u00e1 fora, eu vivi na devassid\u00e3o. Nesta pris\u00e3o, eu estou em um caminho de convers\u00e3o e mudan\u00e7a radical da minha mentalidade. Tudo isso gra\u00e7as a Deus, que por meio de voc\u00eas manifestou Sua bondade na minha vida\u201d.<\/p><\/blockquote>\n<h2 data-fontsize=\"30\" data-lineheight=\"39\">O capel\u00e3o da Comunidade de Marcel Callo agradece<\/h2>\n<p>Em sua carta de agradecimento, o capel\u00e3o explica a escolha do santo padroeiro: Marcel Callo.<\/p>\n<p>\u201cMarcel Callo foi deportado pela Gestapo alem\u00e3 para os campos de concentra\u00e7\u00e3o na Alemanha. O motivo: seus acusadores afirmaram que ele era crist\u00e3o. Ali ele morreu com apenas 23 anos. Durante sua deten\u00e7\u00e3o, ele dedicou seu tempo a servir seus irm\u00e3os. <strong>Hoje \u2013 seguindo a Cristo por meio das ora\u00e7\u00f5es di\u00e1rias, das celebra\u00e7\u00f5es eucar\u00edsticas dos sacerdotes do Sagrado Cora\u00e7\u00e3o e da participa\u00e7\u00e3o na catequese \u2013 a Comunidade de Marcel Callo continua o trabalho de evangeliza\u00e7\u00e3o no interior da pris\u00e3o. Esse ambiente \u00e9 fonte de alegria para todos<\/strong>\u201c.<\/p>\n<p>A ACN prometeu continuar apoiando a pastoral carcer\u00e1ria em Camar\u00f5es e acaba de aprovar um projeto para o cuidado pastoral de prisioneiros nas principais penitenci\u00e1rias de Kumbo e Nkambe, na \u00e1rea angl\u00f3fona do pa\u00eds.<\/p>\n<p>&nbsp;<\/p>\n<\/div>\n<p>Fonte: ACN<\/p>\n","protected":false},"excerpt":{"rendered":"<p>Irm\u00e3 Orencya, das Irm\u00e3s Palotinas, atua desde de 2009 na Igreja em Camar\u00f5es; ela \u00e9 mission\u00e1ria no ambiente carcer\u00e1rio. Assim, a irm\u00e3 visita os prisioneiros duas vezes por semana na Pris\u00e3o Central de Bafoussam. Esta penitenci\u00e1ria \u00e9 composta por uma ala de mulheres, uma ala de homens adultos e outra ala de jovens; s\u00e3o cerca [&hellip;]<\/p>\n","protected":false},"author":1,"featured_media":43383,"comment_status":"open","ping_status":"closed","sticky":false,"template":"","format":"standard","meta":{"footnotes":""},"categories":[4],"tags":[],"class_list":["post-43382","post","type-post","status-publish","format-standard","has-post-thumbnail","hentry","category-cotidiano"],"_links":{"self":[{"href":"https:\/\/catolicanet.net\/wp-cnet\/wp-json\/wp\/v2\/posts\/43382","targetHints":{"allow":["GET"]}}],"collection":[{"href":"https:\/\/catolicanet.net\/wp-cnet\/wp-json\/wp\/v2\/posts"}],"about":[{"href":"https:\/\/catolicanet.net\/wp-cnet\/wp-json\/wp\/v2\/types\/post"}],"author":[{"embeddable":true,"href":"https:\/\/catolicanet.net\/wp-cnet\/wp-json\/wp\/v2\/users\/1"}],"replies":[{"embeddable":true,"href":"https:\/\/catolicanet.net\/wp-cnet\/wp-json\/wp\/v2\/comments?post=43382"}],"version-history":[{"count":1,"href":"https:\/\/catolicanet.net\/wp-cnet\/wp-json\/wp\/v2\/posts\/43382\/revisions"}],"predecessor-version":[{"id":43384,"href":"https:\/\/catolicanet.net\/wp-cnet\/wp-json\/wp\/v2\/posts\/43382\/revisions\/43384"}],"wp:featuredmedia":[{"embeddable":true,"href":"https:\/\/catolicanet.net\/wp-cnet\/wp-json\/wp\/v2\/media\/43383"}],"wp:attachment":[{"href":"https:\/\/catolicanet.net\/wp-cnet\/wp-json\/wp\/v2\/media?parent=43382"}],"wp:term":[{"taxonomy":"category","embeddable":true,"href":"https:\/\/catolicanet.net\/wp-cnet\/wp-json\/wp\/v2\/categories?post=43382"},{"taxonomy":"post_tag","embeddable":true,"href":"https:\/\/catolicanet.net\/wp-cnet\/wp-json\/wp\/v2\/tags?post=43382"}],"curies":[{"name":"wp","href":"https:\/\/api.w.org\/{rel}","templated":true}]}}