{"id":43377,"date":"2018-08-29T16:33:13","date_gmt":"2018-08-29T19:33:13","guid":{"rendered":"http:\/\/catolicanet.net\/wp-cnet\/?p=43377"},"modified":"2018-08-29T16:33:13","modified_gmt":"2018-08-29T19:33:13","slug":"comissao-disponibiliza-subsidios-para-o-mes-da-biblia-celebrado-em-setembro","status":"publish","type":"post","link":"https:\/\/catolicanet.net\/wp-cnet\/comissao-disponibiliza-subsidios-para-o-mes-da-biblia-celebrado-em-setembro\/","title":{"rendered":"Comiss\u00e3o disponibiliza subs\u00eddios para o M\u00eas da B\u00edblia, celebrado em setembro"},"content":{"rendered":"<p>Agosto foi m\u00eas das voca\u00e7\u00f5es, setembro \u00e9 m\u00eas da B\u00edblia, outubro ser\u00e1 m\u00eas das miss\u00f5es. Assim segue o ano pastoral no Brasil, destacando aspectos da vida e miss\u00e3o da Igreja. Buscando auxiliar \u00e0s comunidades, par\u00f3quias e dioceses, a Comiss\u00e3o para a Anima\u00e7\u00e3o B\u00edblico-Catequ\u00e9tica da Confer\u00eancia Nacional dos Brasil (CNBB) disponibilizou dois subs\u00eddios de apoio aos fi\u00e9is que desejam celebrar o M\u00eas da B\u00edblia, agora em setembro. A data foi criada em 1971, com a finalidade de instruir os fi\u00e9is sobre a Palavra de Deus. Este ano o tema \u00e9 \u201cPara que n\u2019Ele nossos povos tenham vida \u2013 Livro da Sabedoria\u201d e o lema \u201cA sabedoria \u00e9 um esp\u00edrito amigo do ser humano\u201d.\u00a0<img loading=\"lazy\" decoding=\"async\" class=\"size-medium wp-image-199760 alignright\" src=\"http:\/\/www.cnbb.org.br\/wp-content\/uploads\/sites\/32\/2018\/08\/IMG_2178-300x200.jpg\" srcset=\"http:\/\/www.cnbb.org.br\/wp-content\/uploads\/sites\/32\/2018\/08\/IMG_2178-300x200.jpg 300w, http:\/\/www.cnbb.org.br\/wp-content\/uploads\/sites\/32\/2018\/08\/IMG_2178-768x512.jpg 768w, http:\/\/www.cnbb.org.br\/wp-content\/uploads\/sites\/32\/2018\/08\/IMG_2178-1024x683.jpg 1024w\" alt=\"\" width=\"300\" height=\"200\" \/><\/p>\n<p>Em 2018, o texto-base para o M\u00eas da B\u00edblia se prop\u00f5e a auxiliar a leitura e o estudo da primeira parte liter\u00e1ria do Livro da Sabedoria (Sb 1,1-6,21). Como objetivo principal, prev\u00ea que as pessoas, de forma individual, e as comunidades, em grupo, cheguem \u00e0 leitura do texto b\u00edblico, por mais que este se revele exigente. O itiner\u00e1rio foi organizado de modo simples, a fim de que se tornasse o mais pr\u00e1tico poss\u00edvel, colocando-se a servi\u00e7o da compreens\u00e3o daquilo que o Livro da Sabedoria exp\u00f5e em seus primeiros cap\u00edtulos.<\/p>\n<p>Segundo o arcebispo de Curitiba e presidente da Comiss\u00e3o para a Anima\u00e7\u00e3o B\u00edblico-Catequ\u00e9tica da CNBB, dom Jos\u00e9 Ant\u00f4nio Peruzzo, ser\u00e1 muito importante estud\u00e1-lo. \u201cTeremos elei\u00e7\u00f5es neste ano de 2018. \u00c9 poss\u00edvel antever um quadro de fortes tens\u00f5es. A situa\u00e7\u00e3o social e pol\u00edtica do nosso Brasil, sabemos, \u00e9 de muitas inquieta\u00e7\u00f5es. E o Livro da Sabedoria nos oferecer\u00e1 muitas inspira\u00e7\u00f5es para temas como justi\u00e7a, sentido da vida e o bem comum. \u00c9 preciso que compreendamos que quem n\u00e3o ama a sabedoria, buscar\u00e1 argumentos at\u00e9 para a viol\u00eancia\u201d, afirmou o arcebispo.<\/p>\n<p><img loading=\"lazy\" decoding=\"async\" class=\"size-medium wp-image-199762 alignleft\" src=\"http:\/\/www.cnbb.org.br\/wp-content\/uploads\/sites\/32\/2018\/08\/IMG_2181-300x200.jpg\" srcset=\"http:\/\/www.cnbb.org.br\/wp-content\/uploads\/sites\/32\/2018\/08\/IMG_2181-300x200.jpg 300w, http:\/\/www.cnbb.org.br\/wp-content\/uploads\/sites\/32\/2018\/08\/IMG_2181-768x512.jpg 768w, http:\/\/www.cnbb.org.br\/wp-content\/uploads\/sites\/32\/2018\/08\/IMG_2181-1024x683.jpg 1024w\" alt=\"\" width=\"300\" height=\"200\" \/>Organizado de forma simples, a fim de que se tornasse o mais pr\u00e1tico poss\u00edvel e colocando-se a servi\u00e7o da compreens\u00e3o daquilo que o Livro da Sabedoria exp\u00f5e em seus primeiros cap\u00edtulos, o texto-base inicialmente apresenta informa\u00e7\u00f5es introdut\u00f3rias sobre o conceito da \u201csabedoria\u201d, o contexto hist\u00f3rico-geogr\u00e1fico do Livro da Sabedoria e a organiza\u00e7\u00e3o liter\u00e1ria desse escrito. Al\u00e9m disso, o subs\u00eddio apresenta um estudo das cinco unidades liter\u00e1rias que configuram a primeira parte do Livro da Sabedoria. Sua \u00faltima parte se prop\u00f5e a enfrentar o desafio de uma leitura do Livro da Sabedoria \u00e0 luz da f\u00e9 em Jesus Cristo.<\/p>\n<p>\u201cA Igreja Cat\u00f3lica sempre manteve a f\u00e9 de que a Palavra de Deus, de forma misteriosa, faz-se presente na B\u00edblia. Que a leitura e o estudo do Livro da Sabedoria favore\u00e7am, no M\u00eas da B\u00edblia de 2018, um encontro aut\u00eantico com a Palavra de Deus, capaz de nos iluminar na busca da verdade e justi\u00e7a\u201d, diz um trecho da parte introdut\u00f3ria do texto-base.<\/p>\n<p><strong>Encontros B\u00edblicos<\/strong><\/p>\n<p>Al\u00e9m do texto-base, a Comiss\u00e3o tamb\u00e9m disponibiliza um roteiro de encontros b\u00edblicos, com cinco encontros, que tem a finalidade de ajudar os grupos de reflex\u00e3o a aprofundarem a espiritualidade pessoal e comunit\u00e1ria. \u201cEste \u00e9 para que com ele possamos nos deixar iluminar pela Palavra Orante que a sabedoria nos proporciona\u201d, afirma dom Jos\u00e9 Ant\u00f4nio Peruzzo.<img loading=\"lazy\" decoding=\"async\" class=\"size-medium wp-image-199761 alignright\" src=\"http:\/\/www.cnbb.org.br\/wp-content\/uploads\/sites\/32\/2018\/08\/IMG_2174-300x200.jpg\" srcset=\"http:\/\/www.cnbb.org.br\/wp-content\/uploads\/sites\/32\/2018\/08\/IMG_2174-300x200.jpg 300w, http:\/\/www.cnbb.org.br\/wp-content\/uploads\/sites\/32\/2018\/08\/IMG_2174-768x512.jpg 768w, http:\/\/www.cnbb.org.br\/wp-content\/uploads\/sites\/32\/2018\/08\/IMG_2174-1024x683.jpg 1024w\" alt=\"\" width=\"300\" height=\"200\" \/><\/p>\n<p>Os cinco encontros est\u00e3o na metodologia da Leitura Orante, que j\u00e1 \u00e9 bem conhecida na Igreja no Brasil. Os dois materiais, tanto o texto-base quanto os encontros b\u00edblicos podem ser adquiridos por meio da editora da CNBB, a Edi\u00e7\u00f5es CNBB. Eles est\u00e3o dispon\u00edveis para compra por meio do site:<a href=\"https:\/\/www.edicoescnbb.com.br\/\"> www.edicoescnbb.com.br<\/a><\/p>\n<p>&nbsp;<\/p>\n<p>Fonte: CNBB<\/p>\n","protected":false},"excerpt":{"rendered":"<p>Agosto foi m\u00eas das voca\u00e7\u00f5es, setembro \u00e9 m\u00eas da B\u00edblia, outubro ser\u00e1 m\u00eas das miss\u00f5es. Assim segue o ano pastoral no Brasil, destacando aspectos da vida e miss\u00e3o da Igreja. Buscando auxiliar \u00e0s comunidades, par\u00f3quias e dioceses, a Comiss\u00e3o para a Anima\u00e7\u00e3o B\u00edblico-Catequ\u00e9tica da Confer\u00eancia Nacional dos Brasil (CNBB) disponibilizou dois subs\u00eddios de apoio aos [&hellip;]<\/p>\n","protected":false},"author":1,"featured_media":43378,"comment_status":"open","ping_status":"closed","sticky":false,"template":"","format":"standard","meta":{"footnotes":""},"categories":[7],"tags":[],"class_list":["post-43377","post","type-post","status-publish","format-standard","has-post-thumbnail","hentry","category-cnbb"],"_links":{"self":[{"href":"https:\/\/catolicanet.net\/wp-cnet\/wp-json\/wp\/v2\/posts\/43377","targetHints":{"allow":["GET"]}}],"collection":[{"href":"https:\/\/catolicanet.net\/wp-cnet\/wp-json\/wp\/v2\/posts"}],"about":[{"href":"https:\/\/catolicanet.net\/wp-cnet\/wp-json\/wp\/v2\/types\/post"}],"author":[{"embeddable":true,"href":"https:\/\/catolicanet.net\/wp-cnet\/wp-json\/wp\/v2\/users\/1"}],"replies":[{"embeddable":true,"href":"https:\/\/catolicanet.net\/wp-cnet\/wp-json\/wp\/v2\/comments?post=43377"}],"version-history":[{"count":1,"href":"https:\/\/catolicanet.net\/wp-cnet\/wp-json\/wp\/v2\/posts\/43377\/revisions"}],"predecessor-version":[{"id":43380,"href":"https:\/\/catolicanet.net\/wp-cnet\/wp-json\/wp\/v2\/posts\/43377\/revisions\/43380"}],"wp:featuredmedia":[{"embeddable":true,"href":"https:\/\/catolicanet.net\/wp-cnet\/wp-json\/wp\/v2\/media\/43378"}],"wp:attachment":[{"href":"https:\/\/catolicanet.net\/wp-cnet\/wp-json\/wp\/v2\/media?parent=43377"}],"wp:term":[{"taxonomy":"category","embeddable":true,"href":"https:\/\/catolicanet.net\/wp-cnet\/wp-json\/wp\/v2\/categories?post=43377"},{"taxonomy":"post_tag","embeddable":true,"href":"https:\/\/catolicanet.net\/wp-cnet\/wp-json\/wp\/v2\/tags?post=43377"}],"curies":[{"name":"wp","href":"https:\/\/api.w.org\/{rel}","templated":true}]}}