{"id":43374,"date":"2018-08-29T16:22:11","date_gmt":"2018-08-29T19:22:11","guid":{"rendered":"http:\/\/catolicanet.net\/wp-cnet\/?p=43374"},"modified":"2018-08-29T16:22:11","modified_gmt":"2018-08-29T19:22:11","slug":"convivencia-alegre-e-fraterna-marcam-encontro-das-familias-avalia-dom-bosco","status":"publish","type":"post","link":"https:\/\/catolicanet.net\/wp-cnet\/convivencia-alegre-e-fraterna-marcam-encontro-das-familias-avalia-dom-bosco\/","title":{"rendered":"Conviv\u00eancia alegre e fraterna marcam Encontro das Fam\u00edlias, avalia Dom Bosco"},"content":{"rendered":"<p>A conviv\u00eancia familiar alegre e fraterna foi um marco do 9\u00ba Encontro Mundial das Fam\u00edlias, que terminou no dia 26 de agosto, em Dublin, na Irlanda. Durante os tr\u00eas dias de congresso, fam\u00edlias inteiras com muitas crian\u00e7as e jovens povoaram um imenso complexo de sal\u00f5es e parques, arena de esportes e stands de exposi\u00e7\u00e3o.<\/p>\n<p>Al\u00e9m das palestras, pain\u00e9is e oficinas tem\u00e1ticas, em v\u00e1rias l\u00ednguas, houve tamb\u00e9m amplo espa\u00e7o para catequese e divers\u00e3o das crian\u00e7as, tendas de ora\u00e7\u00e3o e confiss\u00f5es.<\/p>\n<div id=\"attachment_199965\" class=\"wp-caption alignleft\"><img loading=\"lazy\" decoding=\"async\" class=\"wp-image-199965 size-medium\" src=\"http:\/\/www.cnbb.org.br\/wp-content\/uploads\/sites\/32\/2018\/08\/Dom-Bosco-Irlanda-185x300.png\" srcset=\"http:\/\/www.cnbb.org.br\/wp-content\/uploads\/sites\/32\/2018\/08\/Dom-Bosco-Irlanda-185x300.png 185w, http:\/\/www.cnbb.org.br\/wp-content\/uploads\/sites\/32\/2018\/08\/Dom-Bosco-Irlanda.png 275w\" alt=\"\" width=\"185\" height=\"300\" \/><\/p>\n<p class=\"wp-caption-text\"><em>Reprodu\u00e7\u00e3o<\/em><\/p>\n<\/div>\n<p>Para o bispo de Osasco (SP) e presidente da Comiss\u00e3o Episcopal Pastoral para a Vida e Fam\u00edlia da Confer\u00eancia Nacional dos Bispos do Brasil (CNBB), dom Jo\u00e3o Bosco Barbosa de Sousa, o congresso foi uma festa completa. A <em>Amoris Laetitia<\/em> foi a base de todo o conte\u00fado aprofundado no evento.<\/p>\n<p><em>\u201c\u00c9 um ensinamento vivo do papa Francisco, ainda por ser aprofundado e vivido. Acolhe a todos, mesmo os que vivem de forma irregular. Afirma claramente o sentido da fam\u00edlia, homem e mulher abertos \u00e0 procria\u00e7\u00e3o e ao amor indissol\u00favel. Condena o crime do aborto sem ressalva. Sua palavra firme e alegre tocou a todos que participaram do evento\u201d, disse.<\/em><\/p>\n<p>Dom Bosco presidiu uma missa com peregrinos e a comunidade brasileira que vive na capital da Irlanda. A celebra\u00e7\u00e3o, em inten\u00e7\u00e3o de todas as fam\u00edlias e em a\u00e7\u00e3o de gra\u00e7as pela realiza\u00e7\u00e3o do Encontro, foi na Igreja Santa Maria dos Anjos, dos padres capuchinhos, onde os brasileiros realizam suas atividades regularmente.<\/p>\n<p>Mesmo em meio a tantos protestos, a visita de Francisco causou grande alvoro\u00e7o: povo nas ruas, aplaudindo com alergia. O Festival das Fam\u00edlias com a presen\u00e7a do Papa lotou, al\u00e9m da missa de encerramento, no Phoenix Park, que bateu a lota\u00e7\u00e3o m\u00e1xima de 500 mil fi\u00e9is.<\/p>\n<p><em>\u201cA Irlanda continua sendo um pa\u00eds muito cat\u00f3lico, apesar do ate\u00edsmo propagado por todos os meios. Uma igreja que sofre pelos erros do passado, e o papa os reconhece os erros e diz que n\u00e3o podem mais acontecer\u201d, ressaltou dom Bosco.<\/em><\/p>\n<p>O bispo de Osasco (SP) ressalta ainda que o papa tem sofrido mais oposi\u00e7\u00e3o que antes. Acabou aquela lua-de-mel inicial com o papa n\u00e3o europeu e sorridente.<\/p>\n<blockquote><p><em>\u201cSua prega\u00e7\u00e3o em favor dos pobres e em favor da vida provoca ira de governos e grupos que v\u00e3o na contram\u00e3o do Evangelho. E h\u00e1 dentro da igreja quem entre nesse jogo contra. O Papa n\u00e3o se defende, confessa os erros da Igreja, pede as ora\u00e7\u00f5es de todos. Como Cristo, se porta com serenidade diante de bofet\u00f5es e cusparadas. Sabe que a ressurrei\u00e7\u00e3o \u00e9 mais forte que a morte. Cumpre com fidelidade sua miss\u00e3o. Foi o que vi na Irlanda\u201d, destaca dom Bosco.<\/em><\/p><\/blockquote>\n<p>Roma ser\u00e1 a sede do 10\u00ba Encontro Mundial das Fam\u00edlias, em 2021. A cidade italiana receber\u00e1 o evento no ano do quinto anivers\u00e1rio da exorta\u00e7\u00e3o apost\u00f3lica <em>Amoris Laetitia<\/em>, do Papa Francisco, sobre o amor na fam\u00edlia.<\/p>\n<p>&nbsp;<\/p>\n<p>Fonte: CNBB<\/p>\n","protected":false},"excerpt":{"rendered":"<p>A conviv\u00eancia familiar alegre e fraterna foi um marco do 9\u00ba Encontro Mundial das Fam\u00edlias, que terminou no dia 26 de agosto, em Dublin, na Irlanda. Durante os tr\u00eas dias de congresso, fam\u00edlias inteiras com muitas crian\u00e7as e jovens povoaram um imenso complexo de sal\u00f5es e parques, arena de esportes e stands de exposi\u00e7\u00e3o. Al\u00e9m [&hellip;]<\/p>\n","protected":false},"author":1,"featured_media":43375,"comment_status":"open","ping_status":"closed","sticky":false,"template":"","format":"standard","meta":{"footnotes":""},"categories":[7],"tags":[],"class_list":["post-43374","post","type-post","status-publish","format-standard","has-post-thumbnail","hentry","category-cnbb"],"_links":{"self":[{"href":"https:\/\/catolicanet.net\/wp-cnet\/wp-json\/wp\/v2\/posts\/43374","targetHints":{"allow":["GET"]}}],"collection":[{"href":"https:\/\/catolicanet.net\/wp-cnet\/wp-json\/wp\/v2\/posts"}],"about":[{"href":"https:\/\/catolicanet.net\/wp-cnet\/wp-json\/wp\/v2\/types\/post"}],"author":[{"embeddable":true,"href":"https:\/\/catolicanet.net\/wp-cnet\/wp-json\/wp\/v2\/users\/1"}],"replies":[{"embeddable":true,"href":"https:\/\/catolicanet.net\/wp-cnet\/wp-json\/wp\/v2\/comments?post=43374"}],"version-history":[{"count":1,"href":"https:\/\/catolicanet.net\/wp-cnet\/wp-json\/wp\/v2\/posts\/43374\/revisions"}],"predecessor-version":[{"id":43376,"href":"https:\/\/catolicanet.net\/wp-cnet\/wp-json\/wp\/v2\/posts\/43374\/revisions\/43376"}],"wp:featuredmedia":[{"embeddable":true,"href":"https:\/\/catolicanet.net\/wp-cnet\/wp-json\/wp\/v2\/media\/43375"}],"wp:attachment":[{"href":"https:\/\/catolicanet.net\/wp-cnet\/wp-json\/wp\/v2\/media?parent=43374"}],"wp:term":[{"taxonomy":"category","embeddable":true,"href":"https:\/\/catolicanet.net\/wp-cnet\/wp-json\/wp\/v2\/categories?post=43374"},{"taxonomy":"post_tag","embeddable":true,"href":"https:\/\/catolicanet.net\/wp-cnet\/wp-json\/wp\/v2\/tags?post=43374"}],"curies":[{"name":"wp","href":"https:\/\/api.w.org\/{rel}","templated":true}]}}