{"id":43370,"date":"2018-08-29T16:04:17","date_gmt":"2018-08-29T19:04:17","guid":{"rendered":"http:\/\/catolicanet.net\/wp-cnet\/?p=43370"},"modified":"2018-08-29T16:05:45","modified_gmt":"2018-08-29T19:05:45","slug":"papa-francisco-recorda-a-dor-e-a-amargura-dos-casos-de-abusos-sexuais-na-irlanda","status":"publish","type":"post","link":"https:\/\/catolicanet.net\/wp-cnet\/papa-francisco-recorda-a-dor-e-a-amargura-dos-casos-de-abusos-sexuais-na-irlanda\/","title":{"rendered":"Papa Francisco recorda a \u201cdor e a amargura\u201d dos casos de abusos sexuais na Irlanda"},"content":{"rendered":"<p>Na Audi\u00eancia Geral desta quarta-feira, o Papa Francisco recordou sua recente viagem \u00e0 Irlanda por ocasi\u00e3o do Encontro Mundial das Fam\u00edlias da semana passada e lembrou a dor pelos casos de abusos sexuais.<\/p>\n<p>\u201cMinha visita \u00e0 Irlanda, al\u00e9m da grande alegria, deveria tamb\u00e9m recordar e assumir a dor e a amargura pelos sofrimentos causados neste pa\u00eds por v\u00e1rias formas de abuso, tamb\u00e9m por parte de membros da <a href=\"https:\/\/www.acidigital.com\/igreja\/index.html\">Igreja<\/a>, e pelo fato de que as autoridades eclesi\u00e1sticas no passado n\u00e3o souberam enfrentar de maneira adequada esses crimes\u201d.<\/p>\n<p>\u201cO encontro com alguns sobreviventes \u2013 continuou \u2013 deixou um sinal profundo; e v\u00e1rias vezes pedi perd\u00e3o ao Senhor por esses pecados, pelo esc\u00e2ndalo e o sentimento de trai\u00e7\u00e3o provocado\u201d.<\/p>\n<p>Francisco recordou que implorou \u201c\u00e0 Virgem para que interceda pela cura das v\u00edtimas e nos d\u00ea a for\u00e7a de prosseguir com firmeza a verdade e a justi\u00e7a\u201d.<\/p>\n<p>\u201cOs <a href=\"https:\/\/www.acidigital.com\/igreja\/bispos.htm\">bispos<\/a> irlandeses deram in\u00edcio a um s\u00e9rio caminho de purifica\u00e7\u00e3o e reconcilia\u00e7\u00e3o com aqueles que sofreram abusos e, com a ajuda das autoridades nacionais, estabeleceram uma s\u00e9rie de normas severas para garantir a seguran\u00e7a dos jovens\u201d, explicou.<\/p>\n<p>Sobre o mesmo tema, argumentou que no encontro com os bispos \u201cos encorajei no esfor\u00e7o para remediar os fracassos do passado com honestidade e coragem, confiando nas promessas do Senhor e contando com a\u00a0 aprofunda f\u00e9 do povo irland\u00eas para dar in\u00edcio a um tempo de renova\u00e7\u00e3o da Igreja na Irlanda\u201d.<\/p>\n<p>Por outro lado, afirmou que sua presen\u00e7a na Irlanda tinha como objetivo \u201cconfirmar as fam\u00edlias crist\u00e3s em sua voca\u00e7\u00e3o e na miss\u00e3o\u201d. \u201cAs milhares de fam\u00edlias \u2013 casais, av\u00f3s, filhos \u2013 reunidos em Dublin, com toda a sua variedade de l\u00ednguas, culturas e experi\u00eancias, foram um sinal eloquente da beleza do sonho de Deus para toda a fam\u00edlia humana\u201d.<\/p>\n<p>\u201cO sonho de Deus \u00e9 a unidade, a harmonia e a paz, fruto da fidelidade, do perd\u00e3o e da reconcilia\u00e7\u00e3o que Ele nos doou em Cristo\u201d.<\/p>\n<p>\u201cAs fam\u00edlias s\u00e3o chamadas a fazer resplandecer a alegria evang\u00e9lica, irradiando o amor de Cristo\u201d, ressaltou.<\/p>\n<p>Francisco agradeceu a acolhida das autoridades do pa\u00eds e disse que \u201cos testemunhos de amor conjugal dados pelos casais de todas as idades\u201d recordaram \u201cque o amor do matrim\u00f4nio \u00e9 um especial dom de Deus, que deve ser cultivado todos os dias na \u2018igreja dom\u00e9stica\u2019, que \u00e9 a fam\u00edlia\u201d.<\/p>\n<p>\u201cMostrou-nos tamb\u00e9m como a f\u00e9 se coloca em pr\u00e1tica na <a href=\"https:\/\/www.acidigital.com\/vida\/index.html\">vida<\/a> cotidiana, \u2018em torno da mesa de casa\u2019 e difunde sua beleza na grande comunidade da Igreja e da sociedade\u201d.<\/p>\n<p>\u201cQuanto o mundo tem necessidade de uma revolu\u00e7\u00e3o de amor, de ternura!\u201d, exclamou na catequese na Pra\u00e7a de S\u00e3o Pedro.<\/p>\n<p>Sobre o encontro na Pr\u00f3-Catedral de Dublin, contou que ali \u201crecordei que o matrim\u00f4nio crist\u00e3o, pacto sacramental fundado no amor de Cristo, \u00e9 fonte de cont\u00ednua gra\u00e7a para caminhar juntos e superar a cultura do provis\u00f3rio\u201d.<\/p>\n<p>Na Festa das Fam\u00edlias, no s\u00e1bado \u00e0 noite, \u201couvimos testemunhos muito tocantes, de fam\u00edlias que sofreram pelas guerras, fam\u00edlias renovadas pelo perd\u00e3o, fam\u00edlias que o amor salvou da espiral das depend\u00eancias, fam\u00edlias que aprenderam a usar bem os smartphones e tablets e a dar prioridade a passar tempo juntos\u201d.<\/p>\n<p>Ap\u00f3s recordar brevemente sua visita ao santu\u00e1rio de Knock, sublinhou que o Encontro Mundial das Fam\u00edlias \u201cfoi uma experi\u00eancia prof\u00e9tica, reconfortante de muitas fam\u00edlias comprometidas no caminho evang\u00e9lico do matrim\u00f4nio e da vida familiar; fam\u00edlias disc\u00edpulas e mission\u00e1rias, fermento de bondade, santidade, justi\u00e7a e paz\u201d.<\/p>\n<p>\u201cNo caminho para o pr\u00f3ximo Encontro Mundial, que acontecer\u00e1 em Roma em 2021, confiemos \u00e0 prote\u00e7\u00e3o da Santa Fam\u00edlia de Jesus, Maria e Jos\u00e9, para que em suas casas, par\u00f3quias e comunidades possam ser verdadeiramente \u2018alegria para o mundo\u2019\u201d, concluiu.<\/p>\n<p>&nbsp;<\/p>\n<p>Fonte: Acidigital<\/p>\n","protected":false},"excerpt":{"rendered":"<p>Na Audi\u00eancia Geral desta quarta-feira, o Papa Francisco recordou sua recente viagem \u00e0 Irlanda por ocasi\u00e3o do Encontro Mundial das Fam\u00edlias da semana passada e lembrou a dor pelos casos de abusos sexuais. \u201cMinha visita \u00e0 Irlanda, al\u00e9m da grande alegria, deveria tamb\u00e9m recordar e assumir a dor e a amargura pelos sofrimentos causados neste [&hellip;]<\/p>\n","protected":false},"author":1,"featured_media":43372,"comment_status":"open","ping_status":"closed","sticky":false,"template":"","format":"standard","meta":{"footnotes":""},"categories":[4],"tags":[],"class_list":["post-43370","post","type-post","status-publish","format-standard","has-post-thumbnail","hentry","category-cotidiano"],"_links":{"self":[{"href":"https:\/\/catolicanet.net\/wp-cnet\/wp-json\/wp\/v2\/posts\/43370","targetHints":{"allow":["GET"]}}],"collection":[{"href":"https:\/\/catolicanet.net\/wp-cnet\/wp-json\/wp\/v2\/posts"}],"about":[{"href":"https:\/\/catolicanet.net\/wp-cnet\/wp-json\/wp\/v2\/types\/post"}],"author":[{"embeddable":true,"href":"https:\/\/catolicanet.net\/wp-cnet\/wp-json\/wp\/v2\/users\/1"}],"replies":[{"embeddable":true,"href":"https:\/\/catolicanet.net\/wp-cnet\/wp-json\/wp\/v2\/comments?post=43370"}],"version-history":[{"count":1,"href":"https:\/\/catolicanet.net\/wp-cnet\/wp-json\/wp\/v2\/posts\/43370\/revisions"}],"predecessor-version":[{"id":43373,"href":"https:\/\/catolicanet.net\/wp-cnet\/wp-json\/wp\/v2\/posts\/43370\/revisions\/43373"}],"wp:featuredmedia":[{"embeddable":true,"href":"https:\/\/catolicanet.net\/wp-cnet\/wp-json\/wp\/v2\/media\/43372"}],"wp:attachment":[{"href":"https:\/\/catolicanet.net\/wp-cnet\/wp-json\/wp\/v2\/media?parent=43370"}],"wp:term":[{"taxonomy":"category","embeddable":true,"href":"https:\/\/catolicanet.net\/wp-cnet\/wp-json\/wp\/v2\/categories?post=43370"},{"taxonomy":"post_tag","embeddable":true,"href":"https:\/\/catolicanet.net\/wp-cnet\/wp-json\/wp\/v2\/tags?post=43370"}],"curies":[{"name":"wp","href":"https:\/\/api.w.org\/{rel}","templated":true}]}}