{"id":4335,"date":"2014-03-06T17:27:36","date_gmt":"2014-03-06T20:27:36","guid":{"rendered":"http:\/\/catolicanet.net\/wp-cnet\/exercicios-espirituais-da-quaresma-papa-saira-do-vaticano-em-onibus\/"},"modified":"2017-04-04T15:48:05","modified_gmt":"2017-04-04T18:48:05","slug":"exercicios-espirituais-da-quaresma-papa-saira-do-vaticano-em-onibus","status":"publish","type":"post","link":"https:\/\/catolicanet.net\/wp-cnet\/exercicios-espirituais-da-quaresma-papa-saira-do-vaticano-em-onibus\/","title":{"rendered":"Exerc\u00edcios Espirituais da Quaresma: Papa sair\u00e1 do Vaticano em \u00f4nibus"},"content":{"rendered":"<p style=\"text-align: justify;\">\n<p><img decoding=\"async\" src=\"http:\/\/catolicanet.com.br\/images\/stories\/exercicioespiritual.jpg\" border=\"0\" align=\"left\" \/>A Prefeitura da Casa Pontif\u00edcia divulgou o programa dos Exerc\u00edcios Espirituais programados entre 9 e 14 de mar\u00e7o para o Papa e toda a C\u00faria. Este ano, como j\u00e1 anunciado, ser\u00e3o realizados na Casa Divin Maestro, na localidade de Ariccia, a cerca de 40 km de Roma.<\/p>\n<p>O tema inspirador das reflex\u00f5es ser\u00e1 \u201cA Purifica\u00e7\u00e3o do Cora\u00e7\u00e3o\u201d, e as medita\u00e7\u00f5es ser\u00e3o propostas por um p\u00e1roco do clero de Roma, Pe. Angelo De Donatis, da Igreja S\u00e3o Marcos Evangelista.<\/p>\n<p>No dia 9, \u00e0s 16h, o grupo se reunir\u00e1 diante da Sala Paulo VI, e partir\u00e1 de \u00f4nibus, rumo a Ariccia. A viagem dura 45 minutos. J\u00e1 no final da tarde, est\u00e3o previstas as V\u00e9speras, uma medita\u00e7\u00e3o inicial e a adora\u00e7\u00e3o eucar\u00edstica. Nos dias seguintes, o programa come\u00e7ar\u00e1 cedo, com a missa \u00e0s 7h30. At\u00e9 sexta-feira, 14, o Papa, os cardeais, bispos e colaboradores far\u00e3o medita\u00e7\u00f5es duas vezes por dia, at\u00e9 o momento de retornar ao Vaticano.<\/p>\n<p>Segundo Santo In\u00e1cio de Loyola, \u201centende-se por Exerc\u00edcios Espirituais qualquer modo de examinar a consci\u00eancia, meditar, contemplar, orar vocal ou mentalmente e realizar outras atividades espirituais\u201d. Esta metodologia de desenvolvimento espiritual, \u201cser\u00e1 ainda mais aproveitada quanto mais se apartar de todos os amigos e conhecidos, e de qualquer preocupa\u00e7\u00e3o terrena, mudando-se, por exemplo, da casa onde morava e tomando outra casa ou quarto, habitando o mais secretamente que puder; de maneira que esteja em sua m\u00e3o ir cada dia \u00e0 missa e a v\u00e9speras, sem temor de que os seus conhecidos lhe sejam causa de impedimento\u201d.<\/p>\n<p>Na vig\u00e9sima Anota\u00e7\u00e3o de suas Orienta\u00e7\u00f5es para os Exerc\u00edcios, o santo espanhol afirma que \u201cdesta separa\u00e7\u00e3o, seguem-se tr\u00eas proveitos principais: O primeiro \u00e9 que, ao apartar-se de amigos e conhecidos assim como de neg\u00f3cios n\u00e3o bem ordenados para servir e louvar a Deus nosso Senhor, n\u00e3o pouco merece diante de sua divina majestade; o segundo \u00e9 que, estando assim apartado, e n\u00e3o tendo o esp\u00edrito repartido por muitas coisas, mas pondo todo o cuidado numa s\u00f3 coisa, como servir a seu Criador e aproveitar a sua pr\u00f3pria alma, usa das suas pot\u00eancias naturais mais livremente, para buscar com dilig\u00eancia o que tanto deseja; o terceiro \u00e9 que, quanto mais a nossa alma se acha s\u00f3 e apartada, tanto mais apta se torna para se aproximar e unir a seu Criador e Senhor. E quanto mais assim se une, mais se disp\u00f5e para receber gra\u00e7as e dons da sua divina e suma bondade\u201d.<\/p>\n<p><strong><br \/>Fonte:<\/strong> R\u00e1dio Vaticano<br \/><strong>Local:<\/strong> Cidade do Vaticano<\/p>\n","protected":false},"excerpt":{"rendered":"<p>A Prefeitura da Casa Pontif\u00edcia divulgou o programa dos Exerc\u00edcios Espirituais programados entre 9 e 14 de mar\u00e7o para o Papa e toda a C\u00faria. Este ano, como j\u00e1 anunciado, ser\u00e3o realizados na Casa Divin Maestro, na localidade de Ariccia, a cerca de 40 km de Roma. O tema inspirador das reflex\u00f5es ser\u00e1 \u201cA Purifica\u00e7\u00e3o [&hellip;]<\/p>\n","protected":false},"author":1,"featured_media":0,"comment_status":"closed","ping_status":"closed","sticky":false,"template":"","format":"standard","meta":{"footnotes":""},"categories":[3],"tags":[],"class_list":["post-4335","post","type-post","status-publish","format-standard","hentry","category-vaticano"],"_links":{"self":[{"href":"https:\/\/catolicanet.net\/wp-cnet\/wp-json\/wp\/v2\/posts\/4335","targetHints":{"allow":["GET"]}}],"collection":[{"href":"https:\/\/catolicanet.net\/wp-cnet\/wp-json\/wp\/v2\/posts"}],"about":[{"href":"https:\/\/catolicanet.net\/wp-cnet\/wp-json\/wp\/v2\/types\/post"}],"author":[{"embeddable":true,"href":"https:\/\/catolicanet.net\/wp-cnet\/wp-json\/wp\/v2\/users\/1"}],"replies":[{"embeddable":true,"href":"https:\/\/catolicanet.net\/wp-cnet\/wp-json\/wp\/v2\/comments?post=4335"}],"version-history":[{"count":1,"href":"https:\/\/catolicanet.net\/wp-cnet\/wp-json\/wp\/v2\/posts\/4335\/revisions"}],"predecessor-version":[{"id":9174,"href":"https:\/\/catolicanet.net\/wp-cnet\/wp-json\/wp\/v2\/posts\/4335\/revisions\/9174"}],"wp:attachment":[{"href":"https:\/\/catolicanet.net\/wp-cnet\/wp-json\/wp\/v2\/media?parent=4335"}],"wp:term":[{"taxonomy":"category","embeddable":true,"href":"https:\/\/catolicanet.net\/wp-cnet\/wp-json\/wp\/v2\/categories?post=4335"},{"taxonomy":"post_tag","embeddable":true,"href":"https:\/\/catolicanet.net\/wp-cnet\/wp-json\/wp\/v2\/tags?post=4335"}],"curies":[{"name":"wp","href":"https:\/\/api.w.org\/{rel}","templated":true}]}}