{"id":43329,"date":"2018-08-24T10:15:23","date_gmt":"2018-08-24T13:15:23","guid":{"rendered":"http:\/\/catolicanet.net\/wp-cnet\/?p=43329"},"modified":"2018-08-29T10:28:19","modified_gmt":"2018-08-29T13:28:19","slug":"obrigado-catequistas","status":"publish","type":"post","link":"https:\/\/catolicanet.net\/wp-cnet\/obrigado-catequistas\/","title":{"rendered":"Obrigado, catequistas"},"content":{"rendered":"<p><strong>\u00a0<\/strong><\/p>\n<p>O ser humano tem m\u00faltiplas necessidades e necessita de muitas pessoas com variados dons e compet\u00eancias para responder a estas car\u00eancias. Do mesmo modo a Igreja se entende como Povo de Deus. Um povo ordenado que necessita de muitas pessoas com diferentes dons e carismas e que exer\u00e7am minist\u00e9rios diferentes para que ela realize a sua miss\u00e3o e ajude os seus membros. As comunidades crist\u00e3s se movimentam, vivem, se renovam e realizam sua miss\u00e3o com a colabora\u00e7\u00e3o de milhares de volunt\u00e1rios. Pessoas que se sentem convidadas por Deus e pelas necessidades da comunidade a prestarem um servi\u00e7o. Sabem que sua vida \u00e9 miss\u00e3o e respondem ao chamado recebido.<\/p>\n<p>No \u00faltimo domingo do m\u00eas de agosto, a Igreja Cat\u00f3lica fala, reza, convida e agradece estes servi\u00e7os prestados pelos leigos nas comunidades. Entre tantos minist\u00e9rios quero destacar os catequistas. S\u00e3o milhares, das mais diferentes idades, condi\u00e7\u00f5es sociais, forma\u00e7\u00e3o acad\u00eamica e profissional. Est\u00e3o presentes em todas as comunidades com qualifica\u00e7\u00e3o muito variada. As defici\u00eancias da forma\u00e7\u00e3o s\u00e3o supridas pela dedica\u00e7\u00e3o e o amor que tem pelos catequizandos.<\/p>\n<p>A palavra catequista tem a sua origem no verbo ecoar. Por isso, catequizar \u00e9 fazer ecoar no catequizando uma not\u00edcia que j\u00e1 foi anunciada e que agora est\u00e1 chegando aos ouvidos daquela crian\u00e7a, ou jovem ou adulto. A not\u00edcia a ser anunciada \u00e9 Jesus Cristo. \u201cDeus nos ama, mas nosso pecado nos impede de acolher este amor, por isso ele enviou seu Filho Jesus Cristo que morreu na cruz e ressuscitou e assim nos salvou. Jesus Cristo \u00e9 a nossa vida, nossa alegria: Ele \u00e9 tudo para n\u00f3s. O que Jesus fez por mim, pode fazer por voc\u00ea tamb\u00e9m.<\/p>\n<p>O ser humano \u00e9 um ser aberto \u00e0 transcend\u00eancia, ao religioso. Faz perguntas sobre a origem, o sentido da vida e a eternidade. A catequese se torna um espa\u00e7o prop\u00edcio para refletir sobre estas perguntas existenciais que come\u00e7am a incomodar desde a tenra idade. Perguntas que necessitam serem levadas a s\u00e9rio por fazerem parte da forma\u00e7\u00e3o integral do ser humano.<\/p>\n<p>A catequese levanta muitos assuntos do cotidiano e n\u00e3o poderia ser diferente. Os ensinamentos de Jesus Cristo destinam-se a ensinar a relacionar-se com Deus e com a pessoas. Prop\u00f5em um modo de bem viver, de se relacionar, de superar as tens\u00f5es.\u00a0 Quando \u00e9 refletido o tema do perd\u00e3o vem \u00e0 tona os conflitos existentes no ambiente escolar e familiar muitas vezes acompanhados de viol\u00eancia f\u00edsica.\u00a0 Os catequistas nesta hora ocupam um papel importante ouvindo as dores dos catequizandos, o relato dos conflitos, administrando a agressividade, procurando diminuir as tens\u00f5es e apaziguando os conflitos. Os catequistas se aliam aos pais e professores na educa\u00e7\u00e3o.<\/p>\n<p>A catequese para alcan\u00e7ar seus objetivos organiza e sistematiza os ensinamentos da religi\u00e3o; como tamb\u00e9m necessita de pedagogia adequada, tempo e periodicidade. S\u00e3o muitos dias e horas de dedica\u00e7\u00e3o. Isto exige compromisso, fidelidade e um grande amor pelos catequizandos. \u201cConhecer a Jesus \u00e9 o melhor presente que qualquer pessoa pode receber; t\u00ea-lo encontrado foi o melhor que ocorreu em nossas vidas, e faz\u00ea-lo conhecido com nossa palavra e obras \u00e9 nossa alegria\u201d (Documento de Aparecida n\u00ba 29). \u00c9 esta convic\u00e7\u00e3o e alegria que move os catequistas.<\/p>\n<p>A todas as (os) catequistas o nosso profundo reconhecimento e gratid\u00e3o. Que Deus lhes conceda uma vida feliz e aben\u00e7oada.<\/p>\n<p>&nbsp;<\/p>\n","protected":false},"excerpt":{"rendered":"<p>\u00a0 O ser humano tem m\u00faltiplas necessidades e necessita de muitas pessoas com variados dons e compet\u00eancias para responder a estas car\u00eancias. Do mesmo modo a Igreja se entende como Povo de Deus. Um povo ordenado que necessita de muitas pessoas com diferentes dons e carismas e que exer\u00e7am minist\u00e9rios diferentes para que ela realize [&hellip;]<\/p>\n","protected":false},"author":18,"featured_media":32780,"comment_status":"open","ping_status":"closed","sticky":false,"template":"","format":"standard","meta":{"footnotes":""},"categories":[9],"tags":[],"class_list":["post-43329","post","type-post","status-publish","format-standard","has-post-thumbnail","hentry","category-artigos"],"_links":{"self":[{"href":"https:\/\/catolicanet.net\/wp-cnet\/wp-json\/wp\/v2\/posts\/43329","targetHints":{"allow":["GET"]}}],"collection":[{"href":"https:\/\/catolicanet.net\/wp-cnet\/wp-json\/wp\/v2\/posts"}],"about":[{"href":"https:\/\/catolicanet.net\/wp-cnet\/wp-json\/wp\/v2\/types\/post"}],"author":[{"embeddable":true,"href":"https:\/\/catolicanet.net\/wp-cnet\/wp-json\/wp\/v2\/users\/18"}],"replies":[{"embeddable":true,"href":"https:\/\/catolicanet.net\/wp-cnet\/wp-json\/wp\/v2\/comments?post=43329"}],"version-history":[{"count":1,"href":"https:\/\/catolicanet.net\/wp-cnet\/wp-json\/wp\/v2\/posts\/43329\/revisions"}],"predecessor-version":[{"id":43333,"href":"https:\/\/catolicanet.net\/wp-cnet\/wp-json\/wp\/v2\/posts\/43329\/revisions\/43333"}],"wp:featuredmedia":[{"embeddable":true,"href":"https:\/\/catolicanet.net\/wp-cnet\/wp-json\/wp\/v2\/media\/32780"}],"wp:attachment":[{"href":"https:\/\/catolicanet.net\/wp-cnet\/wp-json\/wp\/v2\/media?parent=43329"}],"wp:term":[{"taxonomy":"category","embeddable":true,"href":"https:\/\/catolicanet.net\/wp-cnet\/wp-json\/wp\/v2\/categories?post=43329"},{"taxonomy":"post_tag","embeddable":true,"href":"https:\/\/catolicanet.net\/wp-cnet\/wp-json\/wp\/v2\/tags?post=43329"}],"curies":[{"name":"wp","href":"https:\/\/api.w.org\/{rel}","templated":true}]}}