{"id":43264,"date":"2018-08-22T13:14:44","date_gmt":"2018-08-22T16:14:44","guid":{"rendered":"http:\/\/catolicanet.net\/wp-cnet\/?p=43264"},"modified":"2018-08-22T13:14:44","modified_gmt":"2018-08-22T16:14:44","slug":"brasileiros-participam-de-encontro-mundial-das-familias-com-o-papa-francisco","status":"publish","type":"post","link":"https:\/\/catolicanet.net\/wp-cnet\/brasileiros-participam-de-encontro-mundial-das-familias-com-o-papa-francisco\/","title":{"rendered":"Brasileiros participam de Encontro Mundial das Fam\u00edlias com o Papa Francisco"},"content":{"rendered":"<p>A cidade de Dublin, na Irlanda, est\u00e1 movimentada com a presen\u00e7a de fam\u00edlias de 116 pa\u00edses dos 5 continentes que participam do IX Encontro Mundial das Fam\u00edlias com o Papa Francisco, que tem como tema: \u201cO Evangelho da Fam\u00edlia, alegria para o mundo\u201d.<\/p>\n<p>O Brasil est\u00e1 representado. Uma delega\u00e7\u00e3o est\u00e1 na capital irlandesa para participar de toda a programa\u00e7\u00e3o do evento que inclui palestras, debates, testemunhos, al\u00e9m de atividades para crian\u00e7as e jovens.<\/p>\n<div id=\"attachment_199477\" class=\"wp-caption alignleft\"><img loading=\"lazy\" decoding=\"async\" class=\"size-medium wp-image-199477\" src=\"http:\/\/www.cnbb.org.br\/wp-content\/uploads\/sites\/32\/2018\/08\/ec6a8be2-f686-4926-9e7c-5631bf051cb3-225x300.jpg\" srcset=\"http:\/\/www.cnbb.org.br\/wp-content\/uploads\/sites\/32\/2018\/08\/ec6a8be2-f686-4926-9e7c-5631bf051cb3-225x300.jpg 225w, http:\/\/www.cnbb.org.br\/wp-content\/uploads\/sites\/32\/2018\/08\/ec6a8be2-f686-4926-9e7c-5631bf051cb3-768x1024.jpg 768w, http:\/\/www.cnbb.org.br\/wp-content\/uploads\/sites\/32\/2018\/08\/ec6a8be2-f686-4926-9e7c-5631bf051cb3.jpg 960w\" alt=\"\" width=\"225\" height=\"300\" \/><\/p>\n<p class=\"wp-caption-text\"><em>Comiss\u00e3o Nacional da Pastoral Familiar da CNBB com o padre Alexandre Awi Melo, secret\u00e1rio do Dicast\u00e9rio dos Leigos, Fam\u00edlia e Vida do Vaticano (ao centro).<\/em><\/p>\n<\/div>\n<p>O bispo de Osasco (SP) e presidente da Comiss\u00e3o para a Vida e Fam\u00edlia da Confer\u00eancia Nacional dos Bispos do Brasil (CNBB), dom Jo\u00e3o Bosco Barbosa de Sousa, o assessor nacional da comiss\u00e3o, padre Jorge Alves Filho e o casal coordenador nacional da Pastoral Familiar, Luiz Zilfredo Stolf e Carmen Rodrigues Stolf est\u00e3o na capital irlandesa para acompanhar todo o evento.<\/p>\n<p><em>\u201cEsperamos que esse encontro chame a aten\u00e7\u00e3o do mundo para a import\u00e2ncia da fam\u00edlia, constru\u00edda segundo a vontade de Deus, pois s\u00f3 assim ela pode ser alegria para o mundo\u201d, ressalta dom Bosco.<\/em><\/p>\n<p>Durante o congresso, cardeais, te\u00f3logos, religiosos e leigos v\u00e3o conduzir as atividades, que v\u00e3o percorrer os mais diversos t\u00f3picos do documento papal, abordando desde a prepara\u00e7\u00e3o para o matrim\u00f4nio nas par\u00f3quias at\u00e9 a espiritualidade da fam\u00edlia. Temas atuais como o acolhimento e inclus\u00e3o de homossexuais nas comunidades e os desafios no \u00e2mbito familiar tamb\u00e9m fazem parte da programa\u00e7\u00e3o.<\/p>\n<p>O encerramento, no dia 26 agosto, ser\u00e1 com a Santa Missa no Phoenix Park, com a presen\u00e7a do Papa Francisco, onde s\u00e3o esperadas 500 mil pessoas. Francisco chega ao pa\u00eds na manh\u00e3 do dia 25. Ap\u00f3s encontros diplom\u00e1ticos e com popula\u00e7\u00e3o em situa\u00e7\u00e3o de rua, o Pont\u00edfice participa do Festival das Fam\u00edlias, um grande momento de shows e testemunhos no est\u00e1dio Croke Park. No final da celebra\u00e7\u00e3o ser\u00e1 anunciada a sede do pr\u00f3ximo Encontro Mundial.<\/p>\n<p>Antes da cerim\u00f4nia de abertura, dom Jo\u00e3o Bosco, gravou um v\u00eddeo que foi postado no Facebook da Pastoral Familiar. Ele afirmou que \u201c\u00e9 uma alegria estar aqui representando um pa\u00eds que tem tanta riqueza familiar como o nosso pa\u00eds\u201d.<\/p>\n<p>\u201cJ\u00e1 come\u00e7amos encontrando um pouco dessa riqueza refletida nessa variedade de pessoas que aqui est\u00e3o. S\u00e3o muitas l\u00ednguas, indica\u00e7\u00f5es diferentes\u201d, afirmou, ao ressaltar que tamb\u00e9m j\u00e1 encontraram \u201coutros brasileiros que aqui est\u00e3o para esse grande momento\u201d.<\/p>\n<p>\u201cPe\u00e7o a todos as ora\u00e7\u00f5es, para que a gente possa viver um momento muito especial\u201d, disse Dom Bosco, convidando ainda os brasileiros a acompanharem os pr\u00f3ximos dias do evento atrav\u00e9s dos meios de comunica\u00e7\u00e3o cat\u00f3licos.<\/p>\n<p>\u201cO Papa vai chegar aqui e encontrar um n\u00famero imenso de fam\u00edlias dispostas a ouvir sua palavra e n\u00f3s queremos levar ao nosso pa\u00eds tudo aquilo que conseguirmos de mensagens a todo o povo brasileiro\u201d, concluiu.<\/p>\n<p>Na ocasi\u00e3o, Dom Jo\u00e3o Bosco declarou ao site da Comiss\u00e3o Episcopal esperar \u201cque esse encontro reforce o trabalho de evangeliza\u00e7\u00e3o que vem sendo realizado pela Pastoral Familiar, esclare\u00e7a quest\u00f5es, chame a aten\u00e7\u00e3o do mundo para a import\u00e2ncia da fam\u00edlia, constru\u00edda segundo a vontade de Deus, pois s\u00f3 assim ela pode ser alegria para o mundo\u201d.<\/p>\n<p><strong>Veja o v\u00eddeo na \u00edntegra:<\/strong><\/p>\n<p><a href=\"https:\/\/www.facebook.com\/PastoralFamiliarCNBB\/videos\/242576743257552\/\">https:\/\/www.facebook.com\/PastoralFamiliarCNBB\/videos\/242576743257552\/<\/a><\/p>\n<p>&nbsp;<\/p>\n<p>Fonte: CNBB<\/p>\n","protected":false},"excerpt":{"rendered":"<p>A cidade de Dublin, na Irlanda, est\u00e1 movimentada com a presen\u00e7a de fam\u00edlias de 116 pa\u00edses dos 5 continentes que participam do IX Encontro Mundial das Fam\u00edlias com o Papa Francisco, que tem como tema: \u201cO Evangelho da Fam\u00edlia, alegria para o mundo\u201d. O Brasil est\u00e1 representado. Uma delega\u00e7\u00e3o est\u00e1 na capital irlandesa para participar [&hellip;]<\/p>\n","protected":false},"author":1,"featured_media":43266,"comment_status":"open","ping_status":"closed","sticky":false,"template":"","format":"standard","meta":{"footnotes":""},"categories":[7],"tags":[],"class_list":["post-43264","post","type-post","status-publish","format-standard","has-post-thumbnail","hentry","category-cnbb"],"_links":{"self":[{"href":"https:\/\/catolicanet.net\/wp-cnet\/wp-json\/wp\/v2\/posts\/43264","targetHints":{"allow":["GET"]}}],"collection":[{"href":"https:\/\/catolicanet.net\/wp-cnet\/wp-json\/wp\/v2\/posts"}],"about":[{"href":"https:\/\/catolicanet.net\/wp-cnet\/wp-json\/wp\/v2\/types\/post"}],"author":[{"embeddable":true,"href":"https:\/\/catolicanet.net\/wp-cnet\/wp-json\/wp\/v2\/users\/1"}],"replies":[{"embeddable":true,"href":"https:\/\/catolicanet.net\/wp-cnet\/wp-json\/wp\/v2\/comments?post=43264"}],"version-history":[{"count":1,"href":"https:\/\/catolicanet.net\/wp-cnet\/wp-json\/wp\/v2\/posts\/43264\/revisions"}],"predecessor-version":[{"id":43267,"href":"https:\/\/catolicanet.net\/wp-cnet\/wp-json\/wp\/v2\/posts\/43264\/revisions\/43267"}],"wp:featuredmedia":[{"embeddable":true,"href":"https:\/\/catolicanet.net\/wp-cnet\/wp-json\/wp\/v2\/media\/43266"}],"wp:attachment":[{"href":"https:\/\/catolicanet.net\/wp-cnet\/wp-json\/wp\/v2\/media?parent=43264"}],"wp:term":[{"taxonomy":"category","embeddable":true,"href":"https:\/\/catolicanet.net\/wp-cnet\/wp-json\/wp\/v2\/categories?post=43264"},{"taxonomy":"post_tag","embeddable":true,"href":"https:\/\/catolicanet.net\/wp-cnet\/wp-json\/wp\/v2\/tags?post=43264"}],"curies":[{"name":"wp","href":"https:\/\/api.w.org\/{rel}","templated":true}]}}