{"id":43260,"date":"2018-08-22T11:10:40","date_gmt":"2018-08-22T14:10:40","guid":{"rendered":"http:\/\/catolicanet.net\/wp-cnet\/?p=43260"},"modified":"2018-08-22T11:10:40","modified_gmt":"2018-08-22T14:10:40","slug":"sinodo-2019-e-crise-climatica-no-iii-encontro-da-igreja-catolica-na-amazonia-legal","status":"publish","type":"post","link":"https:\/\/catolicanet.net\/wp-cnet\/sinodo-2019-e-crise-climatica-no-iii-encontro-da-igreja-catolica-na-amazonia-legal\/","title":{"rendered":"S\u00ednodo 2019 e crise clim\u00e1tica no III Encontro da Igreja Cat\u00f3lica na Amaz\u00f4nia Legal"},"content":{"rendered":"<p>Entre os dias 20 e 23 de agosto, os respons\u00e1veis por 56 dioceses e prelazias locais participam do III Encontro da Igreja Cat\u00f3lica na Amaz\u00f4nia Legal, na Casa de Encontro Maromba, em Manaus (AM). O objetivo \u00e9 partilhar experi\u00eancias, criar metas em conjunto a partir da Amaz\u00f4nia brasileira e aprofundar quest\u00f5es relacionadas ao S\u00ednodo de 2019 cujo foco est\u00e1 no olhar para a regi\u00e3o.<\/p>\n<p>A atividade \u00e9 organizada pela Rede Eclesial Pan-Amaz\u00f4nica (Repam) e Comiss\u00e3o Especial para a Amaz\u00f4nia da Confer\u00eancia Nacional dos Bispos do Brasil (CNBB).\u00a0O encontro, que reunir\u00e1 cerca de 55 bispos de toda a Amaz\u00f4nia brasileira, contou com a participa\u00e7\u00e3o, na mesa de abertura, dia 20 de agosto, do cardeal Cl\u00e1udio Hummes, arcebispo em\u00e9rito de S\u00e3o Paulo, presidente da Repam da Comiss\u00e3o Especial para a Amaz\u00f4nia. Tamb\u00e9m participaram dom S\u00e9rgio Castriani, arcebispo de Manaus e dom M\u00e1rio Ant\u00f4nio da Silva, bispo de Roraima e presidente do Regional Norte 1 da CNBB.<\/p>\n<p>De acordo com o cardeal Hummes este encontro \u00e9 marcante e hist\u00f3rico para a Igreja da Amaz\u00f4nia em raz\u00e3o de as quest\u00f5es da regi\u00e3o e do meio ambiente serem o temas do S\u00ednodo para a Amaz\u00f4nia, em 2019. \u201cA Igreja visa encontrar novos caminhos para sua presen\u00e7a e atua\u00e7\u00e3o mission\u00e1ria na regi\u00e3o. A crise clim\u00e1tica e ecol\u00f3gica mundial torna ainda mais atual o tema. Tamb\u00e9m a nova evangeliza\u00e7\u00e3o promovida pelos \u00faltimos papas faz parte do contexto\u201d, afirmou o cardeal.<\/p>\n<p>O presidente do Regional Norte 1 da CNBB, dom M\u00e1rio Ant\u00f4nio da Silva, recordou o S\u00ednodo interpela os bispos da regi\u00e3o a caminharem juntos. A exemplo do papa, convidou os presentes a olharem especialmente para situa\u00e7\u00e3o dos refugiados e imigrantes venezuelanos. \u201cO mundo espera da Amaz\u00f4nia uma proposta concreta e s\u00e9ria de uma ecologia integral que priorize as pessoas e as comunidades\u201d, disse.<\/p>\n<p>Na programa\u00e7\u00e3o da atividade haver\u00e1 tamb\u00e9m uma an\u00e1lise de conjuntura que contar\u00e1, entre outros assessores, com o procurador da Rep\u00fablica, Fel\u00edcio Pontes. Outro ponto alto da atividade \u00e9 a partilha das realidades e trocas de experi\u00eancias dos bispos em vista de uma Igreja com rosto Amaz\u00f4nico.<\/p>\n<div id=\"attachment_199468\" class=\"wp-caption alignleft\"><img loading=\"lazy\" decoding=\"async\" class=\"wp-image-199468 size-medium\" src=\"http:\/\/www.cnbb.org.br\/wp-content\/uploads\/sites\/32\/2018\/08\/EncontroIII-300x188.jpg\" srcset=\"http:\/\/www.cnbb.org.br\/wp-content\/uploads\/sites\/32\/2018\/08\/EncontroIII-300x188.jpg 300w, http:\/\/www.cnbb.org.br\/wp-content\/uploads\/sites\/32\/2018\/08\/EncontroIII-768x481.jpg 768w, http:\/\/www.cnbb.org.br\/wp-content\/uploads\/sites\/32\/2018\/08\/EncontroIII.jpg 800w\" alt=\"\" width=\"300\" height=\"188\" \/><\/p>\n<p class=\"wp-caption-text\">Bispos participam de abertura do encontro. Foto: Assessoria de Comunica\u00e7\u00e3o da Arquidiocese de Manaus (AM)\/Ana Paula Louren\u00e7o<\/p>\n<\/div>\n<p><strong>S\u00ednodo para Amaz\u00f4nia<\/strong> \u2013 Convocado pelo papa Francisco para ser realizado em outubro de 2019, o S\u00ednodo para a Amaz\u00f4nia ser\u00e1 o grande destaque do encontro. Ele ser\u00e1 apresentado aos bispos pelos brasileiros membros do Conselho Pr\u00e9-Sinodal, cardeal Cl\u00e1udio Hummes, dom Neri Tondello, dom Roque Paloschi, dom Erwin Krautler e irm\u00e3 Maria Irene Lopes.<\/p>\n<p>Tamb\u00e9m participam a equipe de especialistas que contribu\u00edram na elabora\u00e7\u00e3o do Documento Preparat\u00f3rio: padres Justino Rezende e Paulo Suess, uma lideran\u00e7a do povo Tuyuka, a professora M\u00e1rcia Oliveira e um representante do Peru, Peter Hughes.<\/p>\n<p>Em processo de realiza\u00e7\u00e3o, j\u00e1 que o S\u00ednodo teve sua abertura em janeiro, em Porto Maldonado, como afirmou o papa Francisco por ocasi\u00e3o da visita ao Peru, as dioceses da Pan-Amaz\u00f4nia promovem momentos de escuta dos povos em todo o territ\u00f3rio Amaz\u00f4nico. O encontro ser\u00e1 oportunidade de apresentar aos bispos as atividades realizadas e os materiais produzidos que podem contribuir com a din\u00e2mica sinodal.<\/p>\n<p>Para o bispo de S\u00e3o Gabriel da Cachoeira, dom Edson Damian, os bispos da regi\u00e3o ter\u00e3o que levar ao S\u00ednodo o que vem da base, o que as comunidades v\u00e3o apresentar, um mapeamento de onde e da situa\u00e7\u00e3o dos povos ind\u00edgenas, os ribeirinhos e povos tradicionais. Estes, na avalia\u00e7\u00e3o do religioso, precisam ser os principais protagonistas a serem escutados com muito respeito e sensibilidade pastoral.<\/p>\n<p>Com informa\u00e7\u00f5es de Paulo Martins \u2013 Assessoria de Comunica\u00e7\u00e3o Repam\u00a0 e de Ana Paula Louren\u00e7o \u2013 Assessora de Comunica\u00e7\u00e3o da Arquidiocese de Manaus (AM).<\/p>\n<p>&nbsp;<\/p>\n<p>Fonte: CNBB<\/p>\n","protected":false},"excerpt":{"rendered":"<p>Entre os dias 20 e 23 de agosto, os respons\u00e1veis por 56 dioceses e prelazias locais participam do III Encontro da Igreja Cat\u00f3lica na Amaz\u00f4nia Legal, na Casa de Encontro Maromba, em Manaus (AM). O objetivo \u00e9 partilhar experi\u00eancias, criar metas em conjunto a partir da Amaz\u00f4nia brasileira e aprofundar quest\u00f5es relacionadas ao S\u00ednodo de [&hellip;]<\/p>\n","protected":false},"author":1,"featured_media":43261,"comment_status":"open","ping_status":"closed","sticky":false,"template":"","format":"standard","meta":{"footnotes":""},"categories":[7],"tags":[],"class_list":["post-43260","post","type-post","status-publish","format-standard","has-post-thumbnail","hentry","category-cnbb"],"_links":{"self":[{"href":"https:\/\/catolicanet.net\/wp-cnet\/wp-json\/wp\/v2\/posts\/43260","targetHints":{"allow":["GET"]}}],"collection":[{"href":"https:\/\/catolicanet.net\/wp-cnet\/wp-json\/wp\/v2\/posts"}],"about":[{"href":"https:\/\/catolicanet.net\/wp-cnet\/wp-json\/wp\/v2\/types\/post"}],"author":[{"embeddable":true,"href":"https:\/\/catolicanet.net\/wp-cnet\/wp-json\/wp\/v2\/users\/1"}],"replies":[{"embeddable":true,"href":"https:\/\/catolicanet.net\/wp-cnet\/wp-json\/wp\/v2\/comments?post=43260"}],"version-history":[{"count":1,"href":"https:\/\/catolicanet.net\/wp-cnet\/wp-json\/wp\/v2\/posts\/43260\/revisions"}],"predecessor-version":[{"id":43262,"href":"https:\/\/catolicanet.net\/wp-cnet\/wp-json\/wp\/v2\/posts\/43260\/revisions\/43262"}],"wp:featuredmedia":[{"embeddable":true,"href":"https:\/\/catolicanet.net\/wp-cnet\/wp-json\/wp\/v2\/media\/43261"}],"wp:attachment":[{"href":"https:\/\/catolicanet.net\/wp-cnet\/wp-json\/wp\/v2\/media?parent=43260"}],"wp:term":[{"taxonomy":"category","embeddable":true,"href":"https:\/\/catolicanet.net\/wp-cnet\/wp-json\/wp\/v2\/categories?post=43260"},{"taxonomy":"post_tag","embeddable":true,"href":"https:\/\/catolicanet.net\/wp-cnet\/wp-json\/wp\/v2\/tags?post=43260"}],"curies":[{"name":"wp","href":"https:\/\/api.w.org\/{rel}","templated":true}]}}