{"id":4324,"date":"2014-03-05T13:17:19","date_gmt":"2014-03-05T16:17:19","guid":{"rendered":"http:\/\/catolicanet.net\/wp-cnet\/acompanhe-a-procissao-e-a-missa-de-cinzas-do-papa-com-a-rv\/"},"modified":"2017-04-04T15:52:18","modified_gmt":"2017-04-04T18:52:18","slug":"acompanhe-a-procissao-e-a-missa-de-cinzas-do-papa-com-a-rv","status":"publish","type":"post","link":"https:\/\/catolicanet.net\/wp-cnet\/acompanhe-a-procissao-e-a-missa-de-cinzas-do-papa-com-a-rv\/","title":{"rendered":"Acompanhe a prociss\u00e3o e a missa de Cinzas do Papa com a RV"},"content":{"rendered":"<p>O Papa Francisco preside nesta Quarta-feira, 05, a prociss\u00e3o penitencial partindo da Igreja de Santo Anselmo, no bairro romano do Aventino, at\u00e9 a Bas\u00edlica de Santa Sabina, onde \u00e0s 17h (13h de Bras\u00edlia) preside a Santa Missa com o rito da ben\u00e7\u00e3o e a imposi\u00e7\u00e3o das cinzas. No final da celebra\u00e7\u00e3o eucar\u00edstica, na C\u00faria General\u00edcia, o Papa tem previsto um breve encontro com a comunidade religiosa dos Dominicanos. Francisco reentra ao Vaticano \u00e0s 19h (15h de Bras\u00edlia).<\/p>\n<p>A R\u00e1dio Vaticano transmite o evento na \u00edntegra, com coment\u00e1rios em portugu\u00eas, a partir das 12h20, hor\u00e1rio de Bras\u00edlia.<\/p>\n<p><\/p>\n<p>\u00a0<\/p>\n<p><strong>Fonte:<\/strong> R\u00e1dio Vaticano<br \/><strong>Local:<\/strong> Cidade do Vaticano<\/p>\n","protected":false},"excerpt":{"rendered":"<p>O Papa Francisco preside nesta Quarta-feira, 05, a prociss\u00e3o penitencial partindo da Igreja de Santo Anselmo, no bairro romano do Aventino, at\u00e9 a Bas\u00edlica de Santa Sabina, onde \u00e0s 17h (13h de Bras\u00edlia) preside a Santa Missa com o rito da ben\u00e7\u00e3o e a imposi\u00e7\u00e3o das cinzas. No final da celebra\u00e7\u00e3o eucar\u00edstica, na C\u00faria General\u00edcia, [&hellip;]<\/p>\n","protected":false},"author":1,"featured_media":0,"comment_status":"closed","ping_status":"closed","sticky":false,"template":"","format":"standard","meta":{"footnotes":""},"categories":[3],"tags":[],"class_list":["post-4324","post","type-post","status-publish","format-standard","hentry","category-vaticano"],"_links":{"self":[{"href":"https:\/\/catolicanet.net\/wp-cnet\/wp-json\/wp\/v2\/posts\/4324","targetHints":{"allow":["GET"]}}],"collection":[{"href":"https:\/\/catolicanet.net\/wp-cnet\/wp-json\/wp\/v2\/posts"}],"about":[{"href":"https:\/\/catolicanet.net\/wp-cnet\/wp-json\/wp\/v2\/types\/post"}],"author":[{"embeddable":true,"href":"https:\/\/catolicanet.net\/wp-cnet\/wp-json\/wp\/v2\/users\/1"}],"replies":[{"embeddable":true,"href":"https:\/\/catolicanet.net\/wp-cnet\/wp-json\/wp\/v2\/comments?post=4324"}],"version-history":[{"count":1,"href":"https:\/\/catolicanet.net\/wp-cnet\/wp-json\/wp\/v2\/posts\/4324\/revisions"}],"predecessor-version":[{"id":9184,"href":"https:\/\/catolicanet.net\/wp-cnet\/wp-json\/wp\/v2\/posts\/4324\/revisions\/9184"}],"wp:attachment":[{"href":"https:\/\/catolicanet.net\/wp-cnet\/wp-json\/wp\/v2\/media?parent=4324"}],"wp:term":[{"taxonomy":"category","embeddable":true,"href":"https:\/\/catolicanet.net\/wp-cnet\/wp-json\/wp\/v2\/categories?post=4324"},{"taxonomy":"post_tag","embeddable":true,"href":"https:\/\/catolicanet.net\/wp-cnet\/wp-json\/wp\/v2\/tags?post=4324"}],"curies":[{"name":"wp","href":"https:\/\/api.w.org\/{rel}","templated":true}]}}