{"id":43228,"date":"2018-08-21T15:47:05","date_gmt":"2018-08-21T18:47:05","guid":{"rendered":"http:\/\/catolicanet.net\/wp-cnet\/?p=43228"},"modified":"2018-08-21T15:47:05","modified_gmt":"2018-08-21T18:47:05","slug":"primeiro-convento-redentorista-da-ucrania-recebe-ajuda","status":"publish","type":"post","link":"https:\/\/catolicanet.net\/wp-cnet\/primeiro-convento-redentorista-da-ucrania-recebe-ajuda\/","title":{"rendered":"Primeiro Convento Redentorista da Ucr\u00e2nia recebe ajuda"},"content":{"rendered":"<div class=\"post-content\">\n<p>No ano de 1930, uma d\u00fazia ou mais de mo\u00e7as ucranianas viajaram para a B\u00e9lgica com a finalidade de se prepararem para a funda\u00e7\u00e3o do primeiro Convento Redentorista em seu pa\u00eds de origem,\u00a0<a href=\"https:\/\/www.acn.org.br\/images\/stories\/RLRM2016\/pDFs\/RLRM-2016-Ucrania.pdf\" target=\"_blank\" rel=\"noopener\">Ucr\u00e2nia<\/a>. No entanto, somente 80 anos depois seu sonho foi finalmente poss\u00edvel de ser realizado. A Segunda Guerra Mundial e o subsequente dom\u00ednio tir\u00e2nico da R\u00fassia comunista, tornaram o retorno delas imposs\u00edvel.\u00a0 Muitos fi\u00e9is cat\u00f3licos enfrentaram d\u00e9cadas de persegui\u00e7\u00e3o pelos comunistas, de modo que, somente em 2016, as tr\u00eas Irm\u00e3s puderam finalmente estabelecer o primeiro e \u00fanico Convento Redentorista na Ucr\u00e2nia.<\/p>\n<p>As Irm\u00e3s tiveram que come\u00e7ar do nada. Inicialmente estabeleceram o convento numa casa de fam\u00edlia, trabalhando duro para faze-lo crescer. Outra Irm\u00e3 professa que ir\u00e1 se unir a elas, por\u00e9m ainda est\u00e1 na Pol\u00f4nia no momento. H\u00e1 uma nova candidata e algumas interessadas; o convento recebeu permiss\u00e3o oficial para admitir jovens que queiram consagrar suas vidas a Deus. No entanto, elas devem aguardar; por ora, a casa acomoda somente oito pessoas.<\/p>\n<h2 data-fontsize=\"30\" data-lineheight=\"39\">A busca por orienta\u00e7\u00e3o espiritual<\/h2>\n<p>Alguns fi\u00e9is cat\u00f3licos v\u00eam rezar com as Irm\u00e3s, em seus hor\u00e1rios regulares de ora\u00e7\u00e3o e tamb\u00e9m em outras celebra\u00e7\u00f5es lit\u00fargicas. Muitos deles buscam ora\u00e7\u00f5es e conselhos das Irm\u00e3s, algu\u00e9m que escute seus problemas.\u00a0As Irm\u00e3s s\u00e3o gratas por sua voca\u00e7\u00e3o e felizes porque a t\u00e3o esperada funda\u00e7\u00e3o do Convento Redentorista na Ucr\u00e2nia, finalmente se tornou realidade.<\/p>\n<p>No entanto, apesar de seu estilo de vida modesto, devido ao\u00a0custo crescente, \u00e9 muito dif\u00edcil para religiosas em clausura se sustentarem na Ucr\u00e2nia.<br \/>\nDesse modo, a Funda\u00e7\u00e3o Pontif\u00edcia ACN prometeu ajuda existencial para vida e apostolado.<\/p>\n<p>&nbsp;<\/p>\n<\/div>\n<p>Fonte: ACN<\/p>\n","protected":false},"excerpt":{"rendered":"<p>No ano de 1930, uma d\u00fazia ou mais de mo\u00e7as ucranianas viajaram para a B\u00e9lgica com a finalidade de se prepararem para a funda\u00e7\u00e3o do primeiro Convento Redentorista em seu pa\u00eds de origem,\u00a0Ucr\u00e2nia. No entanto, somente 80 anos depois seu sonho foi finalmente poss\u00edvel de ser realizado. A Segunda Guerra Mundial e o subsequente dom\u00ednio [&hellip;]<\/p>\n","protected":false},"author":1,"featured_media":43229,"comment_status":"open","ping_status":"closed","sticky":false,"template":"","format":"standard","meta":{"footnotes":""},"categories":[13],"tags":[],"class_list":["post-43228","post","type-post","status-publish","format-standard","has-post-thumbnail","hentry","category-featured"],"_links":{"self":[{"href":"https:\/\/catolicanet.net\/wp-cnet\/wp-json\/wp\/v2\/posts\/43228","targetHints":{"allow":["GET"]}}],"collection":[{"href":"https:\/\/catolicanet.net\/wp-cnet\/wp-json\/wp\/v2\/posts"}],"about":[{"href":"https:\/\/catolicanet.net\/wp-cnet\/wp-json\/wp\/v2\/types\/post"}],"author":[{"embeddable":true,"href":"https:\/\/catolicanet.net\/wp-cnet\/wp-json\/wp\/v2\/users\/1"}],"replies":[{"embeddable":true,"href":"https:\/\/catolicanet.net\/wp-cnet\/wp-json\/wp\/v2\/comments?post=43228"}],"version-history":[{"count":1,"href":"https:\/\/catolicanet.net\/wp-cnet\/wp-json\/wp\/v2\/posts\/43228\/revisions"}],"predecessor-version":[{"id":43230,"href":"https:\/\/catolicanet.net\/wp-cnet\/wp-json\/wp\/v2\/posts\/43228\/revisions\/43230"}],"wp:featuredmedia":[{"embeddable":true,"href":"https:\/\/catolicanet.net\/wp-cnet\/wp-json\/wp\/v2\/media\/43229"}],"wp:attachment":[{"href":"https:\/\/catolicanet.net\/wp-cnet\/wp-json\/wp\/v2\/media?parent=43228"}],"wp:term":[{"taxonomy":"category","embeddable":true,"href":"https:\/\/catolicanet.net\/wp-cnet\/wp-json\/wp\/v2\/categories?post=43228"},{"taxonomy":"post_tag","embeddable":true,"href":"https:\/\/catolicanet.net\/wp-cnet\/wp-json\/wp\/v2\/tags?post=43228"}],"curies":[{"name":"wp","href":"https:\/\/api.w.org\/{rel}","templated":true}]}}