{"id":4321,"date":"2014-03-05T13:08:16","date_gmt":"2014-03-05T16:08:16","guid":{"rendered":"http:\/\/catolicanet.net\/wp-cnet\/o-jejum-e-abstinencia-de-carne\/"},"modified":"2017-04-04T15:54:06","modified_gmt":"2017-04-04T18:54:06","slug":"o-jejum-e-abstinencia-de-carne","status":"publish","type":"post","link":"https:\/\/catolicanet.net\/wp-cnet\/o-jejum-e-abstinencia-de-carne\/","title":{"rendered":"O jejum e abstin\u00eancia de carne"},"content":{"rendered":"<p style=\"text-align: justify;\"> Considerando que muitas pessoas est\u00e3o me consultando acerca da maneira correta de viver o jejum e a abstin\u00eancia de carne, escrevo estas linhas para que nossos leitores possam voltar, neste tempo quaresmal de 2014, para uma profunda viv\u00eancia do que a M\u00e3e Igreja espera de cada um de n\u00f3s neste tempo oportuno de convers\u00e3o e de mudan\u00e7a de vida!<\/p>\n<p><strong>O JEJUM:<\/strong><\/p>\n<p>Praticado desde toda a Antiguidade pelo povo eleito, como sinal de arrependimento, praticado por Nosso Senhor Jesus Cristo e por todos os santos, recomendado pela Santa Igreja como instrumento de santifica\u00e7\u00e3o da alma, de controle do corpo e equil\u00edbrio emocional.<br \/>Quando devemos jejuar por obriga\u00e7\u00e3o?<\/p>\n<p>Na Quarta-feira de cinzas, abertura da Quaresma<br \/>Na Sexta-feira Santa, dia da morte de Nosso Senhor.<\/p>\n<p> No entanto, todos os cat\u00f3licos devem ter a mortifica\u00e7\u00e3o e o jejum presentes em suas vidas ao longo do ano, principalmente durante o Advento, a Quaresma e nas Quatro T\u00eamporas, tendo sempre o esp\u00edrito mortificado, fugindo do excesso de conforto e prazeres e, na medida do poss\u00edvel, oferecendo alguns sacrif\u00edcios a Deus, seja no comer, no beber, nas divers\u00f5es (televis\u00e3o principal\u00acmen\u00acte), nos desconfortos que a vida oferece (calor, trabalho, etc.), sabendo suportar os outros, tendo paci\u00eancia em tudo.<br \/> Como o jejum e a abstin\u00eancia fazem parte dos mandamentos da Igreja, devemos nos empenhar para pratic\u00e1-los por amor de Deus. Caso haja alguma neglig\u00eancia ou fraqueza da nossa vontade que nos leve a quebrar o santo jejum ou a abstin\u00eancia, devemos nos arrepender por n\u00e3o termos obedecido ao que nos ordena nossa Santa Madre Igreja, confessando-nos portemo-nos assim ofendido a Deus.<\/p>\n<p><strong>QUEM EST\u00c1 OBRIGADO A JEJUM\u00a0\u00a0\u00a0 ?<\/strong><\/p>\n<p> Est\u00e3o obrigados \u00e0 lei da abstin\u00eancia aqueles que tiverem completado catorze anos de idade; est\u00e3o obrigados \u00e0 lei do jejum todos os maiores de idade (quem completou 18 anos) at\u00e9 os sessenta anos come\u00e7ados. Todavia, os pastores de almas e pais cuidem para que sejam formados para o genu\u00edno sentido da penit\u00eancia tamb\u00e9m os que n\u00e3o est\u00e3o obrigados \u00e0 lei do jejum e da abstin\u00eancia, em raz\u00e3o da pouca idade (cf. CDC, c\u00e2n . 1252).<\/p>\n<p> Por disposi\u00e7\u00e3o da CNBB, no Brasil, toda sexta-feira do ano \u00e9 dia de penit\u00eancia, a n\u00e3o ser que coincida com solenidade do calend\u00e1rio lit\u00fargico. Os fi\u00e9is nesse dia se abstenham de carne ou outro alimento, ou pratiquem alguma forma de penit\u00eancia, principalmente obra de caridade ou exerc\u00edcio de piedade.<\/p>\n<p> A Quarta-feira de Cinzas e a Sexta-feira Santa, mem\u00f3ria da Paix\u00e3o e Morte de Cristo, s\u00e3o dias de jejum e abstin\u00eancia. A abstin\u00eancia pode ser substitu\u00edda pelos pr\u00f3prios fi\u00e9is por outra pr\u00e1tica de penit\u00eancia, caridade ou piedade, particularmente pela participa\u00e7\u00e3o nesses dias da Sagrada Liturgia.<\/p>\n<p><strong>NORMAS DA CNBB SOBRE JEJUM E ABSTIN\u00caNCIA EM VIGOR NO BRASIL<\/strong><\/p>\n<p>C\u00e2non 1251. Observe-se a abstin\u00eancia de carne ou de outro alimento, segundo as prescri\u00e7\u00f5es da Confer\u00eancia dos Bispos, em todas as sextas-feiras do ano, a n\u00e3o ser que coincida com algum dia enumerado entre as solenidades; observem-se a abstin\u00eancia e o jejum na Quarta-feira de Cinzas e na Sexta-feira da Paix\u00e3o e Morte de Nosso Senhor Jesus Cristo.<\/p>\n<p>C\u00e2non 1252. Est\u00e3o obrigados \u00e0 lei da abstin\u00eancia aqueles que tiverem completado catorze anos de idade; est\u00e3o obrigados \u00e0 lei do jejum todos os maiores de idade at\u00e9 os sessenta anos come\u00e7ados.<\/p>\n<p>Nota do c\u00e2non 1252: Os limites de idade para a penit\u00eancia ficam modificados. A abstin\u00eancia come\u00e7a aos catorze anos e vai at\u00e9 o fim da vida. O jejum obriga a partir dos dezoito anos completos e vai at\u00e9 os cinq\u00fcenta e nove anos completos.<br \/>N\u00e3o se determina mais, no C\u00f3digo, em que consista o jejum. De acordo com a tradi\u00e7\u00e3o jur\u00eddica anterior, trata-se de n\u00e3o tomar mais que uma refei\u00e7\u00e3o completa, permitindo-se, por\u00e9m, algum alimento outras duas vezes por dia. Pode-se seguir essa norma, enquanto a Confer\u00eancia Episcopal n\u00e3o determinar algo diferente.<\/p>\n<p>C\u00e2non 1253. A Confer\u00eancia Episcopal pode determinar mais exatamente a observ\u00e2ncia do jejum e da abstin\u00eancia, como tamb\u00e9m substitu\u00ed-los, total ou parcialmente, por outras formas de penit\u00eancia, principalmente por obras de caridade e exerc\u00edcios de piedade.<\/p>\n<p>(CNBB, \u201cDiret\u00f3rio da Liturgia e da organiza\u00e7\u00e3o da Igreja no Brasil\u201d, 2010).<\/p>\n","protected":false},"excerpt":{"rendered":"<p>Considerando que muitas pessoas est\u00e3o me consultando acerca da maneira correta de viver o jejum e a abstin\u00eancia de carne, escrevo estas linhas para que nossos leitores possam voltar, neste tempo quaresmal de 2014, para uma profunda viv\u00eancia do que a M\u00e3e Igreja espera de cada um de n\u00f3s neste tempo oportuno de convers\u00e3o e [&hellip;]<\/p>\n","protected":false},"author":10,"featured_media":0,"comment_status":"closed","ping_status":"closed","sticky":false,"template":"","format":"standard","meta":{"footnotes":""},"categories":[9],"tags":[],"class_list":["post-4321","post","type-post","status-publish","format-standard","hentry","category-artigos"],"_links":{"self":[{"href":"https:\/\/catolicanet.net\/wp-cnet\/wp-json\/wp\/v2\/posts\/4321","targetHints":{"allow":["GET"]}}],"collection":[{"href":"https:\/\/catolicanet.net\/wp-cnet\/wp-json\/wp\/v2\/posts"}],"about":[{"href":"https:\/\/catolicanet.net\/wp-cnet\/wp-json\/wp\/v2\/types\/post"}],"author":[{"embeddable":true,"href":"https:\/\/catolicanet.net\/wp-cnet\/wp-json\/wp\/v2\/users\/10"}],"replies":[{"embeddable":true,"href":"https:\/\/catolicanet.net\/wp-cnet\/wp-json\/wp\/v2\/comments?post=4321"}],"version-history":[{"count":1,"href":"https:\/\/catolicanet.net\/wp-cnet\/wp-json\/wp\/v2\/posts\/4321\/revisions"}],"predecessor-version":[{"id":9187,"href":"https:\/\/catolicanet.net\/wp-cnet\/wp-json\/wp\/v2\/posts\/4321\/revisions\/9187"}],"wp:attachment":[{"href":"https:\/\/catolicanet.net\/wp-cnet\/wp-json\/wp\/v2\/media?parent=4321"}],"wp:term":[{"taxonomy":"category","embeddable":true,"href":"https:\/\/catolicanet.net\/wp-cnet\/wp-json\/wp\/v2\/categories?post=4321"},{"taxonomy":"post_tag","embeddable":true,"href":"https:\/\/catolicanet.net\/wp-cnet\/wp-json\/wp\/v2\/tags?post=4321"}],"curies":[{"name":"wp","href":"https:\/\/api.w.org\/{rel}","templated":true}]}}