{"id":4320,"date":"2014-03-05T13:06:25","date_gmt":"2014-03-05T16:06:25","guid":{"rendered":"http:\/\/catolicanet.net\/wp-cnet\/rebeldia-da-vida\/"},"modified":"2017-04-04T15:54:36","modified_gmt":"2017-04-04T18:54:36","slug":"rebeldia-da-vida","status":"publish","type":"post","link":"https:\/\/catolicanet.net\/wp-cnet\/rebeldia-da-vida\/","title":{"rendered":"Rebeldia da vida"},"content":{"rendered":"<p style=\"text-align: justify;\">\n<p>Com o tempo da quaresma iniciamos tamb\u00e9m a Campanha da Fraternidade, cujo tema de 2014 \u00e9: \u201cFraternidade e Tr\u00e1fico Humano\u201d. Em outras palavras, entendemos isto como \u201cbrincar com a vida\u201d, ou tirar proveito, com explora\u00e7\u00e3o, daquilo que temos como dom mais belo da cria\u00e7\u00e3o, a vida investida de liberdade e dignidade.<br \/>A vida humana \u00e9 fruto da iniciativa amorosa de Deus, que a modelou a partir do barro e do sopro com for\u00e7a geradora do \u201cser pessoa\u201d. E Ele colocou nas m\u00e3os de todos os seres humanos a responsabilidade de construir a hist\u00f3ria no bem-estar e na alegria. Mas o homem se rebelou contra esse plano divino, originando da\u00ed todo tipo de maldade.<br \/>Viemos do h\u00famus da m\u00e3e terra. Ela \u00e9 fonte de vida, \u00e9 m\u00e3e da humanidade, muito f\u00e9rtil e capaz de produzir todo tipo de fruto, seja do bem, como tamb\u00e9m do mal. Pessoas com capacidade de escolha do que causa felicidade ou opress\u00e3o. Isto faz a gente entender as consequ\u00eancias da realidade social, quando mal conduzidas.<br \/>A maldade entrou no mundo trazendo a morte. A marca mais profunda \u00e9 o ego\u00edsmo humano, a falta de solidariedade e de reconhecimento do valor que est\u00e1 presente em cada ser humano. O ego\u00edsmo nos incapacita para os gestos de partilha e favorece o ac\u00famulo causador de mis\u00e9ria, de exclus\u00e3o e sofrimento de muitos.<br \/>N\u00e3o podemos ser rebeldes com a vida, com planos destruidores, seja de cada pessoa, como tamb\u00e9m das estruturas sociais. \u00c0s vezes damos prefer\u00eancia para a l\u00f3gica do ego\u00edsmo privilegiando a dimens\u00e3o econ\u00f4mica do poder, apoiando-se na \u201cteologia da retribui\u00e7\u00e3o\u201d, legitimando a riqueza e o bem-estar f\u00edsico, identificando isto como b\u00ean\u00e7\u00e3o divina.<br \/>Ser rebelde com a vida \u00e9 seguir a l\u00f3gica dos homens, nem sempre a de Deus. \u00c9 a idolatria do poder, posicionando-se como ser divino, com um agir de forma absoluta, acima das pessoas e dos bens. Mas a felicidade \u00e9 fruto de atitudes que defendem a vida, que promovem o direito de viver sem exclus\u00e3o e constr\u00f3i pessoas com capacidade de se autodefender.<\/p>\n","protected":false},"excerpt":{"rendered":"<p>Com o tempo da quaresma iniciamos tamb\u00e9m a Campanha da Fraternidade, cujo tema de 2014 \u00e9: \u201cFraternidade e Tr\u00e1fico Humano\u201d. Em outras palavras, entendemos isto como \u201cbrincar com a vida\u201d, ou tirar proveito, com explora\u00e7\u00e3o, daquilo que temos como dom mais belo da cria\u00e7\u00e3o, a vida investida de liberdade e dignidade.A vida humana \u00e9 fruto [&hellip;]<\/p>\n","protected":false},"author":11,"featured_media":0,"comment_status":"closed","ping_status":"closed","sticky":false,"template":"","format":"standard","meta":{"footnotes":""},"categories":[9],"tags":[],"class_list":["post-4320","post","type-post","status-publish","format-standard","hentry","category-artigos"],"_links":{"self":[{"href":"https:\/\/catolicanet.net\/wp-cnet\/wp-json\/wp\/v2\/posts\/4320","targetHints":{"allow":["GET"]}}],"collection":[{"href":"https:\/\/catolicanet.net\/wp-cnet\/wp-json\/wp\/v2\/posts"}],"about":[{"href":"https:\/\/catolicanet.net\/wp-cnet\/wp-json\/wp\/v2\/types\/post"}],"author":[{"embeddable":true,"href":"https:\/\/catolicanet.net\/wp-cnet\/wp-json\/wp\/v2\/users\/11"}],"replies":[{"embeddable":true,"href":"https:\/\/catolicanet.net\/wp-cnet\/wp-json\/wp\/v2\/comments?post=4320"}],"version-history":[{"count":1,"href":"https:\/\/catolicanet.net\/wp-cnet\/wp-json\/wp\/v2\/posts\/4320\/revisions"}],"predecessor-version":[{"id":9188,"href":"https:\/\/catolicanet.net\/wp-cnet\/wp-json\/wp\/v2\/posts\/4320\/revisions\/9188"}],"wp:attachment":[{"href":"https:\/\/catolicanet.net\/wp-cnet\/wp-json\/wp\/v2\/media?parent=4320"}],"wp:term":[{"taxonomy":"category","embeddable":true,"href":"https:\/\/catolicanet.net\/wp-cnet\/wp-json\/wp\/v2\/categories?post=4320"},{"taxonomy":"post_tag","embeddable":true,"href":"https:\/\/catolicanet.net\/wp-cnet\/wp-json\/wp\/v2\/tags?post=4320"}],"curies":[{"name":"wp","href":"https:\/\/api.w.org\/{rel}","templated":true}]}}