{"id":43186,"date":"2018-08-15T11:21:58","date_gmt":"2018-08-15T14:21:58","guid":{"rendered":"http:\/\/catolicanet.net\/wp-cnet\/?p=43186"},"modified":"2018-08-21T12:44:00","modified_gmt":"2018-08-21T15:44:00","slug":"presbiteros-chamados-a-edificar-a-igreja-2","status":"publish","type":"post","link":"https:\/\/catolicanet.net\/wp-cnet\/presbiteros-chamados-a-edificar-a-igreja-2\/","title":{"rendered":"Presb\u00edteros, chamados a edificar a Igreja."},"content":{"rendered":"<p>Neste m\u00eas de ora\u00e7\u00e3o pelas voca\u00e7\u00f5es, a proposta do tema escolhido nos convida a relembrarmos a miss\u00e3o de Francisco de Assis: edificar a Igreja. A Sagrada Escritura, fonte inspiradora da Palavra de Deus, nos impele sempre a observar, refletir e seguir o que o Senhor espera de cada um de n\u00f3s.<\/p>\n<p>Edificar a Igreja \u00e9 um chamado que come\u00e7a com Jesus a um dos seus seguidores. S\u00e3o Mateus, no seu Evangelho 16,18 Jesus \u00e9 claro ao fazer o chamado. \u201cPedro tu \u00e9s pedra e sobre esta pedra edificar\u00e1 a minha Igreja\u201d. Pedro negou Jesus. Pedro n\u00e3o sabia o que dizer (na transfigura\u00e7\u00e3o). Pedro e os outros disc\u00edpulos abandonaram Jesus na Cruz. Mas o Senhor insiste em chamar, em acreditar na pessoa humana, apesar de nossas dificuldades.<\/p>\n<p>J\u00e1 sabemos, como diz o ditado popular, que o Senhor n\u00e3o escolhe os capacitados, mas capacita os escolhidos. Assim, confiou a Pedro a miss\u00e3o de edificar a Igreja e de confirmar seus irm\u00e3os na f\u00e9.<\/p>\n<p>Na Constitui\u00e7\u00e3o Dogm\u00e1tica <em>Lumen Gentium<\/em> \u201cCristo, santificado e enviado ao mundo pelo Pai (Jo 10,36), atrav\u00e9s dos ap\u00f3stolos, fez participar da sua consagra\u00e7\u00e3o e da sua miss\u00e3o os seus sucessores, isto \u00e9, os bispos os quais legitimamente confiaram, em graus diversos, o cargo do seu minist\u00e9rio a v\u00e1rias pessoas na Igreja. Assim, o minist\u00e9rio eclesi\u00e1stico, de institui\u00e7\u00e3o divina, \u00e9 exercido em ordens diversas por aqueles que j\u00e1 antigamente eram chamados bispos, presb\u00edteros e di\u00e1conos. Ainda que n\u00e3o tenham a plenitude do sacerd\u00f3cio e dependam dos bispos no exerc\u00edcio dos seus poderes, os presb\u00edteros est\u00e3o unidos a eles na dignidade sacerdotal comum e, pelo sacramento da ordem, s\u00e3o consagrados para pregar o Evangelho, apascentar os fi\u00e9is e celebrar o culto divino, como verdadeiros sacerdotes do Novo Testamento, \u00e0 imagem de Cristo, sumo e eterno Sacerdote (\u201cad imaginem Christi, summi atque aeterni Sacerdotis\u201d) (Hb 5,1-10; 7, 24; 9, 11-28)\u201d (LG,28).<\/p>\n<p>Ensina ainda a Constitui\u00e7\u00e3o que \u201cPela imposi\u00e7\u00e3o das m\u00e3os e pelas palavras consecrat\u00f3rias, se confere a gra\u00e7a do Esp\u00edrito Santo e se imprime o car\u00e1ter sagrado, de tal modo que os bispos, de maneira eminente e vis\u00edvel, fazem as vezes do pr\u00f3prio Cristo, Mestre, Pastor e Pont\u00edfice, e agem em sua pessoa (\u201cipsius Christi Magistri, Pastoris et Pontificis partes sustineant et in Eius persona agant\u201d)\u201d (LG, 21). Por sua vez, os bispos conferem este seu minist\u00e9rio, mediante o sacramento da ordem, mas em grau subordinado, aos presb\u00edteros para que estes sejam os cooperadores da Ordem Episcopal (cfr. PO, 2).<\/p>\n<p>S\u00e3o Jo\u00e3o, em seu Evangelho, no cap\u00edtulo 21, nos traz este testemunho: \u201cPedro, tu me amas?\u201d. \u201cCuide os meus cordeiros&#8230;. Pastoreie as minhas ovelhas, cuide do meu rebanho&#8230;\u201d.<\/p>\n<p>Destas e de outras formas, Jesus continua acreditando nos homens, apesar dos nossos pecados. N\u00e3o precisaria de n\u00f3s, mas quer contar conosco sempre. Jesus \u00e9 o Emanuel, o Deus conosco. Assim, estando sempre conosco nos quer ao seu lado para prestarmos esta inestim\u00e1vel ajuda na edifica\u00e7\u00e3o do Reino.<\/p>\n<p>Nesta certeza, Deus ainda se mostra preocupado com os seus colaboradores: \u201cPedro, eis que Satan\u00e1s me pediu permiss\u00e3o para te peneirar como trigo. Ele quer te separar de mim como a palha se separa do trigo na peneira\u201d (cf. Lc 22,32).<\/p>\n<p>Vale a pena lembrar as palavras s\u00e1bias do Papa Bento XVI: \u201cO Santo Cura [d\u2019Ars] ensinava os seus paroquianos sobretudo com o testemunho da vida. Pelo seu exemplo, os fi\u00e9is aprendiam a rezar, detendo-se de bom grado diante do sacr\u00e1rio para uma visita a Jesus Eucaristia. Para rezar bem \u2013 explicava-lhes o Cura -, n\u00e3o h\u00e1 necessidade de falar muito. Sabe-se que Jesus est\u00e1 ali, no tabern\u00e1culo sagrado: abramos-Lhe o nosso cora\u00e7\u00e3o, alegremo-nos pela sua presen\u00e7a sagrada. Esta \u00e9 a melhor ora\u00e7\u00e3o. E exortava: Vinde \u00e0 comunh\u00e3o, meus irm\u00e3os, vinde a Jesus. Vinde viver d\u2019Ele para poderdes viver com Ele. \u00c9 verdade que n\u00e3o sois dignos, mas tendes necessidade! Esta educa\u00e7\u00e3o dos fi\u00e9is para a presen\u00e7a eucar\u00edstica e para a comunh\u00e3o adquiria uma efic\u00e1cia muito particular, quando o viam celebrar o Santo Sacrif\u00edcio da Missa. Quem ao mesmo assistia afirmava que n\u00e3o era poss\u00edvel encontrar uma figura que exprimisse melhor a adora\u00e7\u00e3o. (\u2026) Contemplava a H\u00f3stia amorosamente. Dizia ele: Todas as boas obras reunidas n\u00e3o igualam o valor do sacrif\u00edcio da Missa, porque aquelas s\u00e3o obra de homens, enquanto a Santa Missa \u00e9 obra de Deus. Estava convencido de que todo o fervor da vida de um padre dependia da Missa: A causa do relaxamento do sacerdote \u00e9 porque n\u00e3o presta aten\u00e7\u00e3o \u00e0 Missa! Meu Deus, como \u00e9 de lamentar um padre que celebra [a Missa] como se fizesse uma coisa ordin\u00e1ria! E, ao celebrar, tinha tomado o costume de oferecer sempre tamb\u00e9m o sacrif\u00edcio da sua pr\u00f3pria vida: Como faz bem um padre oferecer-se em sacrif\u00edcio a Deus todas as manh\u00e3s!\u201d<\/p>\n<p>O Papa Francisco, ao falar para os sacerdotes brasileiros, ensinou que: \u201cQueridos sacerdotes, o povo de Deus gosta e precisa ver que seus padres se amam e vivem como irm\u00e3os, ainda mais pensando no Brasil e nos desafios tanto de \u00e2mbito religioso quanto social que lhes esperam ao retorno. De fato, neste momento dif\u00edcil da sua hist\u00f3ria, em que tantas pessoas parecem ter perdido a esperan\u00e7a num futuro melhor diante dos enormes problemas sociais e da escandalosa corrup\u00e7\u00e3o, o Brasil precisa que os seus padres sejam um sinal de esperan\u00e7a. Os brasileiros precisam ver um clero unido, fraterno e solid\u00e1rio, em que os sacerdotes enfrentam juntos os obst\u00e1culos, sem deixar-se levar pela tenta\u00e7\u00e3o do protagonismo ou do carreirismo. Tenho a certeza de que o Brasil vai superar a sua crise, e confio que voc\u00eas ser\u00e3o protagonistas desta supera\u00e7\u00e3o.\u201d<\/p>\n<p>N\u00e3o podemos perder tempo com coisas assess\u00f3rias, mas dedicarmo-nos, com afinco, ao atendimento do Povo de Deus, pela celebra\u00e7\u00e3o dos sacramentos e dos sacramentais, e que sejamos testemunhas cred\u00edveis do Evangelho. Sempre atender o penitente. N\u00e3o se cansar de visitar os hospitais e os doentes. Levar a Palavra de Deus aos pres\u00eddios. Compartilhar a solidariedade da Igreja aos que sofrem e aos que passam pelo sofrimento do luto. Sejamos ministros dispensadores da gra\u00e7a divina.<\/p>\n<p>Agradecendo a todas as comunidades que rezam este m\u00eas pelos sacerdotes lembro que Jesus rezou por Pedro, por isso reza pela sua Igreja e reza por n\u00f3s. Confiemo-nos a S\u00e3o Jos\u00e9 \u00e0 sua intercess\u00e3o para termos o dom da paternidade espiritual com o nosso povo.<\/p>\n<p>Que as nossas ora\u00e7\u00f5es comunit\u00e1rias pela santifica\u00e7\u00e3o do clero nos inspirem a rezar uns pelos outros. Rezemos pelos padres. Estejamos unidos e rezemos pela santifica\u00e7\u00e3o de toda a Igreja.<\/p>\n","protected":false},"excerpt":{"rendered":"<p>Neste m\u00eas de ora\u00e7\u00e3o pelas voca\u00e7\u00f5es, a proposta do tema escolhido nos convida a relembrarmos a miss\u00e3o de Francisco de Assis: edificar a Igreja. A Sagrada Escritura, fonte inspiradora da Palavra de Deus, nos impele sempre a observar, refletir e seguir o que o Senhor espera de cada um de n\u00f3s. Edificar a Igreja \u00e9 [&hellip;]<\/p>\n","protected":false},"author":5,"featured_media":32777,"comment_status":"open","ping_status":"closed","sticky":false,"template":"","format":"standard","meta":{"footnotes":""},"categories":[9],"tags":[],"class_list":["post-43186","post","type-post","status-publish","format-standard","has-post-thumbnail","hentry","category-artigos"],"_links":{"self":[{"href":"https:\/\/catolicanet.net\/wp-cnet\/wp-json\/wp\/v2\/posts\/43186","targetHints":{"allow":["GET"]}}],"collection":[{"href":"https:\/\/catolicanet.net\/wp-cnet\/wp-json\/wp\/v2\/posts"}],"about":[{"href":"https:\/\/catolicanet.net\/wp-cnet\/wp-json\/wp\/v2\/types\/post"}],"author":[{"embeddable":true,"href":"https:\/\/catolicanet.net\/wp-cnet\/wp-json\/wp\/v2\/users\/5"}],"replies":[{"embeddable":true,"href":"https:\/\/catolicanet.net\/wp-cnet\/wp-json\/wp\/v2\/comments?post=43186"}],"version-history":[{"count":1,"href":"https:\/\/catolicanet.net\/wp-cnet\/wp-json\/wp\/v2\/posts\/43186\/revisions"}],"predecessor-version":[{"id":43187,"href":"https:\/\/catolicanet.net\/wp-cnet\/wp-json\/wp\/v2\/posts\/43186\/revisions\/43187"}],"wp:featuredmedia":[{"embeddable":true,"href":"https:\/\/catolicanet.net\/wp-cnet\/wp-json\/wp\/v2\/media\/32777"}],"wp:attachment":[{"href":"https:\/\/catolicanet.net\/wp-cnet\/wp-json\/wp\/v2\/media?parent=43186"}],"wp:term":[{"taxonomy":"category","embeddable":true,"href":"https:\/\/catolicanet.net\/wp-cnet\/wp-json\/wp\/v2\/categories?post=43186"},{"taxonomy":"post_tag","embeddable":true,"href":"https:\/\/catolicanet.net\/wp-cnet\/wp-json\/wp\/v2\/tags?post=43186"}],"curies":[{"name":"wp","href":"https:\/\/api.w.org\/{rel}","templated":true}]}}