{"id":43153,"date":"2018-08-20T10:26:59","date_gmt":"2018-08-20T13:26:59","guid":{"rendered":"http:\/\/catolicanet.net\/wp-cnet\/?p=43153"},"modified":"2018-08-20T10:26:59","modified_gmt":"2018-08-20T13:26:59","slug":"abusos-na-igreja-a-carta-do-papa-aos-fieis","status":"publish","type":"post","link":"https:\/\/catolicanet.net\/wp-cnet\/abusos-na-igreja-a-carta-do-papa-aos-fieis\/","title":{"rendered":"Abusos na Igreja: a carta do Papa aos fi\u00e9is"},"content":{"rendered":"<div class=\"article__subTitle\">Francisco escreveu uma carta a todo o Povo de Deus para falar da &#8220;vergonha&#8221; provocada pelos casos de abusos cometidos na Pensilv\u00e2nia e pede ora\u00e7\u00e3o e jejum, al\u00e9m de uma atua\u00e7\u00e3o firme das autoridades competentes.<\/div>\n<div class=\"title__separator\"><\/div>\n<div class=\"article__text\">\n<p>Cidade do Vaticano<\/p>\n<p>\u00abUm membro sofre? Todos os outros membros sofrem com ele\u00bb (<i>1 Co <\/i>12, 26). O Papa Francisco se inspirou nas palavras do Ap\u00f3stolo Paulo para divulgar esta segunda-feira (20\/08) uma <a href=\"http:\/\/w2.vatican.va\/content\/francesco\/pt\/letters\/2018\/documents\/papa-francesco_20180820_lettera-popolo-didio.html\" target=\"_blank\" rel=\"external nofollow noopener\">carta<\/a> a todo o Povo de Deus a respeito de den\u00fancias de abusos cometidos por parte de cl\u00e9rigos e pessoas consagradas.<\/p>\n<p>Este crime, afirma o Pont\u00edfice, \u201cgera profundas feridas de dor e impot\u00eancia\u201d nas v\u00edtimas, em suas fam\u00edlias e na inteira comunidade de fi\u00e9is ou n\u00e3o.<\/p>\n<div>\n<div class=\"article__embed article__embed--border embed_style\">\n<blockquote><p>\u201c A dor das v\u00edtimas e das suas fam\u00edlias \u00e9 tamb\u00e9m a nossa dor, por isso \u00e9 preciso reafirmar mais uma vez o nosso compromisso em garantir a prote\u00e7\u00e3o de menores e de adultos em situa\u00e7\u00f5es de vulnerabilidade. \u201d<\/p><\/blockquote>\n<\/div>\n<\/div>\n<h2>Pensilv\u00e2nia<\/h2>\n<p>Francisco cita de modo especial o relat\u00f3rio divulgado nos dias passados sobre os casos cometidos no Estado da Pensilv\u00e2nia, nos Estados Unidos.<\/p>\n<p>&#8220;Sentimos vergonha quando percebemos que o nosso estilo de vida contradisse e contradiz aquilo que proclamamos com a nossa voz\u201d, escreve o Papa. Ele fala ainda de neglig\u00eancia, abandono e arrependimento e cita as palavras do ent\u00e3o Cardeal Ratzinger quando, na Via-Sacra de 2005, denunciou a \u201csujeira\u201d que h\u00e1 na Igreja.<\/p>\n<p>Para o Pont\u00edfice, a dimens\u00e3o e a gravidade dos acontecimentos obrigam a assumir esse fato de maneira global e comunit\u00e1ria.<\/p>\n<h2>Solidariedade<\/h2>\n<p>N\u00e3o \u00e9 suficiente tomar conhecimento do que aconteceu, mas como Povo de Deus, \u201csomos desafiados a assumir a dor de nossos irm\u00e3os feridos na sua carne e no seu esp\u00edrito. Se no passado a omiss\u00e3o p\u00f4de tornar-se uma forma de resposta, hoje queremos que seja a\u00a0solidariedade\u201d.<\/p>\n<p>O Papa explica o que entende por solidariedade: proteger e resgatar as v\u00edtimas da sua dor; denunciar tudo o que possa comprometer a integridade de qualquer pessoa; lutar contra todas as formas de corrup\u00e7\u00e3o, especialmente a espiritual.<\/p>\n<p>\u201cO chamado de Paulo para sofrer com quem sofre \u00e9 o melhor ant\u00eddoto contra qualquer tentativa de continuar reproduzindo entre n\u00f3s as palavras de Caim: \u00abSou, porventura, o guardi\u00e3o do meu irm\u00e3o?\u00bb (Gn 4, 9).\u201d<\/p>\n<h2>Reconhecimento aos esfor\u00e7os<\/h2>\n<p>Francisco reconhece \u201co esfor\u00e7o e o trabalho que s\u00e3o feitos em diferentes partes do mundo para garantir e gerar as media\u00e7\u00f5es necess\u00e1rias que proporcionem seguran\u00e7a e protejam a integridade de crian\u00e7as e de adultos em situa\u00e7\u00e3o de vulnerabilidade, bem como a implementa\u00e7\u00e3o da \u2018toler\u00e2ncia zero\u2019 e de modos de prestar contas por parte de todos aqueles que realizem ou acobertem esses crimes\u201d.<\/p>\n<p>O Papa reconhece ainda o atraso em aplicar essas medidas e san\u00e7\u00f5es t\u00e3o necess\u00e1rias, mas est\u00e1 confiante de que elas ajudar\u00e3o a garantir uma maior cultura do cuidado no presente e no futuro.<\/p>\n<h2>Ora\u00e7\u00e3o e penit\u00eancia<\/h2>\n<p>O Pont\u00edfice faz tamb\u00e9m um convite a todos os fi\u00e9is: ora\u00e7\u00e3o e penit\u00eancia.<\/p>\n<div>\n<div class=\"article__embed article__embed--border embed_style\">\n<blockquote><p>\u201c Convido todo o Povo Santo fiel de Deus ao exerc\u00edcio penitencial da ora\u00e7\u00e3o e do jejum, seguindo o mandato do Senhor, que desperte a nossa consci\u00eancia, a nossa solidariedade e o compromisso com uma cultura do cuidado e o \u2018nunca mais\u2019 a qualquer tipo e forma de abuso. \u201d<\/p><\/blockquote>\n<\/div>\n<\/div>\n<p>Na raiz desses problemas, Francisco observa um modo an\u00f4malo de entender a autoridade na Igreja: clericalismo.<\/p>\n<p>Favorecido tanto pelos pr\u00f3prios sacerdotes como pelos leigos, o clericalismo \u201cgera uma ruptura no corpo eclesial que beneficia e ajuda a perpetuar muitos dos males que denunciamos hoje. Dizer n\u00e3o ao abuso, \u00e9 dizer energicamente n\u00e3o a qualquer forma de clericalismo\u201d.<\/p>\n<p>Al\u00e9m da ora\u00e7\u00e3o e do jejum, o Papa chama em causa o sentimento de perten\u00e7a: \u201cEssa consci\u00eancia de nos sentirmos parte de um povo e de uma hist\u00f3ria comum nos permitir\u00e1 reconhecer nossos pecados e erros do passado com uma abertura penitencial capaz de se deixar renovar a partir de dentro\u201d.<\/p>\n<h2>Atrocidades<\/h2>\n<p>Por fim, Francisco usa a palavra \u201catrocidade\u201d.<\/p>\n<div>\n<div class=\"article__embed article__embed--border embed_style\">\n<blockquote><p>\u201c \u00c9 imperativo que n\u00f3s, como Igreja, possamos reconhecer e condenar, com dor e vergonha, as atrocidades cometidas por pessoas consagradas, cl\u00e9rigos, e inclusive por todos aqueles que tinham a miss\u00e3o de assistir e cuidar dos mais vulner\u00e1veis. Pe\u00e7amos perd\u00e3o pelos pecados, nossos e dos outros. \u201d<\/p><\/blockquote>\n<\/div>\n<\/div>\n<p>E atrav\u00e9s da atitude de ora\u00e7\u00e3o e penit\u00eancia, fazer crescer em n\u00f3s o dom da compaix\u00e3o, da justi\u00e7a, da preven\u00e7\u00e3o e da repara\u00e7\u00e3o.<\/p>\n<div>\n<div class=\"article__embed article__embed--unwrap article__embed--dark\">\n<div class=\"article__innerTitle\">Ou\u00e7a a reportagem completa<\/div>\n<\/div>\n<\/div>\n<\/div>\n<div><\/div>\n<div>\n<!--[if lt IE 9]><script>document.createElement('audio');<\/script><![endif]-->\n<audio class=\"wp-audio-shortcode\" id=\"audio-43153-1\" preload=\"none\" style=\"width: 100%;\" controls=\"controls\"><source type=\"audio\/mpeg\" src=\"https:\/\/media.vaticannews.va\/media\/audio\/s1\/2018\/8\/20\/12\/134583416_F134583416.mp3?_=1\" \/><a href=\"https:\/\/media.vaticannews.va\/media\/audio\/s1\/2018\/8\/20\/12\/134583416_F134583416.mp3\">https:\/\/media.vaticannews.va\/media\/audio\/s1\/2018\/8\/20\/12\/134583416_F134583416.mp3<\/a><\/audio>\n<\/div>\n<div><\/div>\n<div>Fonte: R\u00e1dio Vaticano<\/div>\n","protected":false},"excerpt":{"rendered":"<p>Francisco escreveu uma carta a todo o Povo de Deus para falar da &#8220;vergonha&#8221; provocada pelos casos de abusos cometidos na Pensilv\u00e2nia e pede ora\u00e7\u00e3o e jejum, al\u00e9m de uma atua\u00e7\u00e3o firme das autoridades competentes. Cidade do Vaticano \u00abUm membro sofre? Todos os outros membros sofrem com ele\u00bb (1 Co 12, 26). O Papa Francisco [&hellip;]<\/p>\n","protected":false},"author":1,"featured_media":43154,"comment_status":"open","ping_status":"closed","sticky":false,"template":"","format":"standard","meta":{"footnotes":""},"categories":[13],"tags":[],"class_list":["post-43153","post","type-post","status-publish","format-standard","has-post-thumbnail","hentry","category-featured"],"_links":{"self":[{"href":"https:\/\/catolicanet.net\/wp-cnet\/wp-json\/wp\/v2\/posts\/43153","targetHints":{"allow":["GET"]}}],"collection":[{"href":"https:\/\/catolicanet.net\/wp-cnet\/wp-json\/wp\/v2\/posts"}],"about":[{"href":"https:\/\/catolicanet.net\/wp-cnet\/wp-json\/wp\/v2\/types\/post"}],"author":[{"embeddable":true,"href":"https:\/\/catolicanet.net\/wp-cnet\/wp-json\/wp\/v2\/users\/1"}],"replies":[{"embeddable":true,"href":"https:\/\/catolicanet.net\/wp-cnet\/wp-json\/wp\/v2\/comments?post=43153"}],"version-history":[{"count":1,"href":"https:\/\/catolicanet.net\/wp-cnet\/wp-json\/wp\/v2\/posts\/43153\/revisions"}],"predecessor-version":[{"id":43155,"href":"https:\/\/catolicanet.net\/wp-cnet\/wp-json\/wp\/v2\/posts\/43153\/revisions\/43155"}],"wp:featuredmedia":[{"embeddable":true,"href":"https:\/\/catolicanet.net\/wp-cnet\/wp-json\/wp\/v2\/media\/43154"}],"wp:attachment":[{"href":"https:\/\/catolicanet.net\/wp-cnet\/wp-json\/wp\/v2\/media?parent=43153"}],"wp:term":[{"taxonomy":"category","embeddable":true,"href":"https:\/\/catolicanet.net\/wp-cnet\/wp-json\/wp\/v2\/categories?post=43153"},{"taxonomy":"post_tag","embeddable":true,"href":"https:\/\/catolicanet.net\/wp-cnet\/wp-json\/wp\/v2\/tags?post=43153"}],"curies":[{"name":"wp","href":"https:\/\/api.w.org\/{rel}","templated":true}]}}