{"id":4315,"date":"2014-02-28T19:39:04","date_gmt":"2014-02-28T22:39:04","guid":{"rendered":"http:\/\/catolicanet.net\/wp-cnet\/papa-recebe-familia-de-jovem-padre-falecido-e-emociona-todos\/"},"modified":"2017-04-04T15:58:49","modified_gmt":"2017-04-04T18:58:49","slug":"papa-recebe-familia-de-jovem-padre-falecido-e-emociona-todos","status":"publish","type":"post","link":"https:\/\/catolicanet.net\/wp-cnet\/papa-recebe-familia-de-jovem-padre-falecido-e-emociona-todos\/","title":{"rendered":"Papa recebe fam\u00edlia de jovem padre falecido e emociona todos"},"content":{"rendered":"<p style=\"text-align: justify;\">\n<p><img decoding=\"async\" src=\"http:\/\/catolicanet.com.br\/images\/stories\/pefabrizio.jpg\" border=\"0\" align=\"left\" \/>Francisco recebeu quinta-feira, 27, ap\u00f3s a missa celebrada na Casa Santa Marta, a Sra. Carmela Imb\u00f2, m\u00e3e do Pe. Fabrizio de Michino, jovem sacerdote de N\u00e1poles falecido h\u00e1 dois meses. Em outubro passado, muito doente, Pe. Fabrizio havia encontrado o Papa e concelebrado com ele a missa, sempre na Santa Marta.<\/p>\n<p>Naquela ocasi\u00e3o, o jovem entregou ao Papa uma carta contando sobre a sua enfermidade e oferecendo seus sofrimentos \u2018pelo bem da Igreja\u2019. Desde 2010, o padre combatia contra um raro tipo de tumor no cora\u00e7\u00e3o com met\u00e1stases no f\u00edgado e hiato.<\/p>\n<p>\u201cNestes anos nada f\u00e1ceis \u2013 escrevia Pe. Fabrizio \u2013 nunca perdi a alegria de ser um anunciador do Evangelho. Embora o cansa\u00e7o, constato que esta for\u00e7a n\u00e3o vem de mim, mas de Deus\u201d.<\/p>\n<p>A carta do jovem padre comoveu o Pont\u00edfice, que ao saber de sua morte, convidou os familiares para a missa em sua casa, a fim de \u201cconhecer a mulher que doou um filho \u00e0 Igreja\u201d. Com a Sra. Carmela, vieram a Roma tamb\u00e9m o irm\u00e3o de Pe. Fabrizio, Fabio, e um amigo, Pe. Aniello de Luca.<\/p>\n<p>\u201cMostramos ao Pont\u00edfice a foto de quando Pe. Fabrizio esteve na Casa Santa Marta e recebeu a sua ben\u00e7\u00e3o\u201d, disse Fabio. A m\u00e3e, emocionada, chorava e n\u00e3o conseguia falar. \u201cO Papa a abra\u00e7ou e aben\u00e7oou; foi um encontro breve, mas significativo e cheio de amor. Nunca nos esqueceremos\u201d, completou o irm\u00e3o.<\/p>\n<p><strong>Fonte:<\/strong> R\u00e1dio Vaticano<br \/><strong>Local:<\/strong> Cidade do Vaticano<\/p>\n","protected":false},"excerpt":{"rendered":"<p>Francisco recebeu quinta-feira, 27, ap\u00f3s a missa celebrada na Casa Santa Marta, a Sra. Carmela Imb\u00f2, m\u00e3e do Pe. Fabrizio de Michino, jovem sacerdote de N\u00e1poles falecido h\u00e1 dois meses. Em outubro passado, muito doente, Pe. Fabrizio havia encontrado o Papa e concelebrado com ele a missa, sempre na Santa Marta. Naquela ocasi\u00e3o, o jovem [&hellip;]<\/p>\n","protected":false},"author":1,"featured_media":0,"comment_status":"closed","ping_status":"closed","sticky":false,"template":"","format":"standard","meta":{"footnotes":""},"categories":[3],"tags":[],"class_list":["post-4315","post","type-post","status-publish","format-standard","hentry","category-vaticano"],"_links":{"self":[{"href":"https:\/\/catolicanet.net\/wp-cnet\/wp-json\/wp\/v2\/posts\/4315","targetHints":{"allow":["GET"]}}],"collection":[{"href":"https:\/\/catolicanet.net\/wp-cnet\/wp-json\/wp\/v2\/posts"}],"about":[{"href":"https:\/\/catolicanet.net\/wp-cnet\/wp-json\/wp\/v2\/types\/post"}],"author":[{"embeddable":true,"href":"https:\/\/catolicanet.net\/wp-cnet\/wp-json\/wp\/v2\/users\/1"}],"replies":[{"embeddable":true,"href":"https:\/\/catolicanet.net\/wp-cnet\/wp-json\/wp\/v2\/comments?post=4315"}],"version-history":[{"count":1,"href":"https:\/\/catolicanet.net\/wp-cnet\/wp-json\/wp\/v2\/posts\/4315\/revisions"}],"predecessor-version":[{"id":9193,"href":"https:\/\/catolicanet.net\/wp-cnet\/wp-json\/wp\/v2\/posts\/4315\/revisions\/9193"}],"wp:attachment":[{"href":"https:\/\/catolicanet.net\/wp-cnet\/wp-json\/wp\/v2\/media?parent=4315"}],"wp:term":[{"taxonomy":"category","embeddable":true,"href":"https:\/\/catolicanet.net\/wp-cnet\/wp-json\/wp\/v2\/categories?post=4315"},{"taxonomy":"post_tag","embeddable":true,"href":"https:\/\/catolicanet.net\/wp-cnet\/wp-json\/wp\/v2\/tags?post=4315"}],"curies":[{"name":"wp","href":"https:\/\/api.w.org\/{rel}","templated":true}]}}