{"id":43136,"date":"2018-08-20T09:00:33","date_gmt":"2018-08-20T12:00:33","guid":{"rendered":"http:\/\/catolicanet.net\/wp-cnet\/?p=43136"},"modified":"2018-08-20T09:00:33","modified_gmt":"2018-08-20T12:00:33","slug":"assuncao-deus-recorre-aos-humildes","status":"publish","type":"post","link":"https:\/\/catolicanet.net\/wp-cnet\/assuncao-deus-recorre-aos-humildes\/","title":{"rendered":"Assun\u00e7\u00e3o: Deus recorre aos humildes"},"content":{"rendered":"<p>Na Assun\u00e7\u00e3o de Nossa Senhora, aprende-se que Deus recorre aos humildes para realizar sua obra redentora, no seu solid\u00e1rio e transbordante gesto de visitar sua prima Isabel. Maria nos ensina que \u00e9 indispens\u00e1vel a viv\u00eancia da palavra de Deus, como condi\u00e7\u00e3o <em>sine qua non<\/em> para a realiza\u00e7\u00e3o da criatura humana neste mundo, que, em um incessante compromisso com o mundo \u2013 pela busca da paz, da conc\u00f3rdia e da justi\u00e7a \u2013, torna-se urgente o vinho novo, o da nova alian\u00e7a, outrora solicitado pela M\u00e3e ao Filho, renovando-se em Maria os sonhos de esperan\u00e7a, naquela mulher &#8220;vestida de sol, tendo a lua debaixo dos p\u00e9s e sobre a cabe\u00e7a uma coroa de doze estrelas&#8221;.<\/p>\n<p>&nbsp;<\/p>\n<p>Maria mostra aos seguidores do seu Filho, Jesus de Nazar\u00e9, que o amor de Deus por n\u00f3s \u00e9 eterno. Ela nos ensina a recordar e a ter certeza, l\u00e1 do c\u00e9u, transfigurada, da promessa da plenitude no triunfo da nova humanidade, longe de toda e qualquer degrada\u00e7\u00e3o. \u00c9 desse modo, na mesma alegria, que a contemplamos, pasmados, nos prod\u00edgios divinos em favor do povo de Deus, que caminha na esperan\u00e7a de um dia participar de sua companhia e seu fenomenal conv\u00edvio.<\/p>\n<p>&nbsp;<\/p>\n<p>A grande verdade \u00e9 que na Santa Virgem Maria, de acordo com o projeto insond\u00e1vel de Deus Pai, realiza-se nela, criatura humana descomunal, junto de Deus, a felicidade do g\u00eanero humano. Nas engenhosas palavras do Cardeal Alo\u00edsio Lorscheider, Maria \u00e9 \u201ctoda bela, toda pura, toda santa, a gl\u00f3ria de Jerusal\u00e9m, a alegria de Israel, a honra do seu povo, a nossa honra, garantindo o pleno \u00eaxito da reden\u00e7\u00e3o pela sua \u00edntima participa\u00e7\u00e3o na obra redentora do seu Filho\u201d.<\/p>\n<p>&nbsp;<\/p>\n<p>Ajudai-nos, \u00f3 Deus, com a Assun\u00e7\u00e3o de Maria, vossa servidora fiel, a vivermos nossa f\u00e9 e nosso batismo, pela solid\u00e1ria visita \u00e0 sua prima Isabel! Como peregrino neste mundo, pelo seu exemplo, que possamos reconhecer a voz da Igreja, ao declamar o mesmo hino de louvor que ela alegremente cantou: &#8220;Minha alma engrandece o Senhor e o meu esp\u00edrito se alegra em Deus, meu Salvador, pois o Todo-poderoso fez em mim grandes coisas&#8221;. Assim seja!<\/p>\n","protected":false},"excerpt":{"rendered":"<p>Na Assun\u00e7\u00e3o de Nossa Senhora, aprende-se que Deus recorre aos humildes para realizar sua obra redentora, no seu solid\u00e1rio e transbordante gesto de visitar sua prima Isabel. Maria nos ensina que \u00e9 indispens\u00e1vel a viv\u00eancia da palavra de Deus, como condi\u00e7\u00e3o sine qua non para a realiza\u00e7\u00e3o da criatura humana neste mundo, que, em um [&hellip;]<\/p>\n","protected":false},"author":6,"featured_media":32779,"comment_status":"open","ping_status":"closed","sticky":false,"template":"","format":"standard","meta":{"footnotes":""},"categories":[9],"tags":[],"class_list":["post-43136","post","type-post","status-publish","format-standard","has-post-thumbnail","hentry","category-artigos"],"_links":{"self":[{"href":"https:\/\/catolicanet.net\/wp-cnet\/wp-json\/wp\/v2\/posts\/43136","targetHints":{"allow":["GET"]}}],"collection":[{"href":"https:\/\/catolicanet.net\/wp-cnet\/wp-json\/wp\/v2\/posts"}],"about":[{"href":"https:\/\/catolicanet.net\/wp-cnet\/wp-json\/wp\/v2\/types\/post"}],"author":[{"embeddable":true,"href":"https:\/\/catolicanet.net\/wp-cnet\/wp-json\/wp\/v2\/users\/6"}],"replies":[{"embeddable":true,"href":"https:\/\/catolicanet.net\/wp-cnet\/wp-json\/wp\/v2\/comments?post=43136"}],"version-history":[{"count":1,"href":"https:\/\/catolicanet.net\/wp-cnet\/wp-json\/wp\/v2\/posts\/43136\/revisions"}],"predecessor-version":[{"id":43137,"href":"https:\/\/catolicanet.net\/wp-cnet\/wp-json\/wp\/v2\/posts\/43136\/revisions\/43137"}],"wp:featuredmedia":[{"embeddable":true,"href":"https:\/\/catolicanet.net\/wp-cnet\/wp-json\/wp\/v2\/media\/32779"}],"wp:attachment":[{"href":"https:\/\/catolicanet.net\/wp-cnet\/wp-json\/wp\/v2\/media?parent=43136"}],"wp:term":[{"taxonomy":"category","embeddable":true,"href":"https:\/\/catolicanet.net\/wp-cnet\/wp-json\/wp\/v2\/categories?post=43136"},{"taxonomy":"post_tag","embeddable":true,"href":"https:\/\/catolicanet.net\/wp-cnet\/wp-json\/wp\/v2\/tags?post=43136"}],"curies":[{"name":"wp","href":"https:\/\/api.w.org\/{rel}","templated":true}]}}