{"id":43131,"date":"2018-08-17T16:07:16","date_gmt":"2018-08-17T19:07:16","guid":{"rendered":"http:\/\/catolicanet.net\/wp-cnet\/?p=43131"},"modified":"2018-08-17T16:07:16","modified_gmt":"2018-08-17T19:07:16","slug":"show-ajudara-na-construcao-da-fazenda-da-esperanca-em-pernambuco","status":"publish","type":"post","link":"https:\/\/catolicanet.net\/wp-cnet\/show-ajudara-na-construcao-da-fazenda-da-esperanca-em-pernambuco\/","title":{"rendered":"Show ajudar\u00e1 na constru\u00e7\u00e3o da Fazenda da Esperan\u00e7a em Pernambuco"},"content":{"rendered":"<p>A arquidiocese de Olinda e Recife (PE) promove um show, no pr\u00f3ximo dia 22 de agosto, para ajudar na conclus\u00e3o das obras da Fazenda da Esperan\u00e7a de Jaboat\u00e3o, na regi\u00e3o metropolitana do Recife, que j\u00e1 teve uma parte inaugurada em mar\u00e7o deste ano. O evento recebeu o nome de Toda Vida tem Esperan\u00e7a e ser\u00e1 realizado no teatro RioMar. Contar\u00e1 com momentos de louvor e anima\u00e7\u00e3o musical, al\u00e9m de um bate-papo com os fundadores da Fazenda da Esperan\u00e7a no Brasil, frei Hans Stapel e Nelson Giovanelli, e o arcebispo local, dom Fernando Saburido.<\/p>\n<p>Funcionando h\u00e1 cinco meses, a Fazenda da Esperan\u00e7a de Jaboat\u00e3o conta com 16 jovens acolhidos em tratamento. No entanto, o funcionamento da Unidade Jaboat\u00e3o \u00e9 parcial, visto que a constru\u00e7\u00e3o do empreendimento ainda n\u00e3o est\u00e1 conclu\u00edda. At\u00e9 o momento, com o apoio de doa\u00e7\u00f5es, foi poss\u00edvel a arquidiocese erguer um refeit\u00f3rio e duas casas. Falta realizar a constru\u00e7\u00e3o de uma casa, uma capela, uma quadra de esportes e pavimentar o terreno, servi\u00e7o or\u00e7ado em cerca de um milh\u00e3o de reais. Outro desafio que se imp\u00f5e \u00e9 ajudar na manuten\u00e7\u00e3o interna da Fazenda da Esperan\u00e7a, uma vez que os acolhidos se encontram em pleno tratamento de reabilita\u00e7\u00e3o.<\/p>\n<p><a href=\"http:\/\/cnbbne2.org.br\/show-ajudara-na-construcao-da-fazenda-da-esperanca-de-jaboatao\/\">Leia a not\u00edcia completa.\u00a0<\/a><\/p>\n<p>&nbsp;<\/p>\n<p>Fonte: CNBB<\/p>\n","protected":false},"excerpt":{"rendered":"<p>A arquidiocese de Olinda e Recife (PE) promove um show, no pr\u00f3ximo dia 22 de agosto, para ajudar na conclus\u00e3o das obras da Fazenda da Esperan\u00e7a de Jaboat\u00e3o, na regi\u00e3o metropolitana do Recife, que j\u00e1 teve uma parte inaugurada em mar\u00e7o deste ano. O evento recebeu o nome de Toda Vida tem Esperan\u00e7a e ser\u00e1 [&hellip;]<\/p>\n","protected":false},"author":1,"featured_media":43132,"comment_status":"open","ping_status":"closed","sticky":false,"template":"","format":"standard","meta":{"footnotes":""},"categories":[7,13],"tags":[],"class_list":["post-43131","post","type-post","status-publish","format-standard","has-post-thumbnail","hentry","category-cnbb","category-featured"],"_links":{"self":[{"href":"https:\/\/catolicanet.net\/wp-cnet\/wp-json\/wp\/v2\/posts\/43131","targetHints":{"allow":["GET"]}}],"collection":[{"href":"https:\/\/catolicanet.net\/wp-cnet\/wp-json\/wp\/v2\/posts"}],"about":[{"href":"https:\/\/catolicanet.net\/wp-cnet\/wp-json\/wp\/v2\/types\/post"}],"author":[{"embeddable":true,"href":"https:\/\/catolicanet.net\/wp-cnet\/wp-json\/wp\/v2\/users\/1"}],"replies":[{"embeddable":true,"href":"https:\/\/catolicanet.net\/wp-cnet\/wp-json\/wp\/v2\/comments?post=43131"}],"version-history":[{"count":1,"href":"https:\/\/catolicanet.net\/wp-cnet\/wp-json\/wp\/v2\/posts\/43131\/revisions"}],"predecessor-version":[{"id":43133,"href":"https:\/\/catolicanet.net\/wp-cnet\/wp-json\/wp\/v2\/posts\/43131\/revisions\/43133"}],"wp:featuredmedia":[{"embeddable":true,"href":"https:\/\/catolicanet.net\/wp-cnet\/wp-json\/wp\/v2\/media\/43132"}],"wp:attachment":[{"href":"https:\/\/catolicanet.net\/wp-cnet\/wp-json\/wp\/v2\/media?parent=43131"}],"wp:term":[{"taxonomy":"category","embeddable":true,"href":"https:\/\/catolicanet.net\/wp-cnet\/wp-json\/wp\/v2\/categories?post=43131"},{"taxonomy":"post_tag","embeddable":true,"href":"https:\/\/catolicanet.net\/wp-cnet\/wp-json\/wp\/v2\/tags?post=43131"}],"curies":[{"name":"wp","href":"https:\/\/api.w.org\/{rel}","templated":true}]}}