{"id":43128,"date":"2018-08-17T14:52:42","date_gmt":"2018-08-17T17:52:42","guid":{"rendered":"http:\/\/catolicanet.net\/wp-cnet\/?p=43128"},"modified":"2018-08-17T14:52:42","modified_gmt":"2018-08-17T17:52:42","slug":"monitoramento-das-acoes-e-sinodo-da-amazonia-pautam-o-encontro-das-caritas","status":"publish","type":"post","link":"https:\/\/catolicanet.net\/wp-cnet\/monitoramento-das-acoes-e-sinodo-da-amazonia-pautam-o-encontro-das-caritas\/","title":{"rendered":"Monitoramento das a\u00e7\u00f5es e S\u00ednodo da Amaz\u00f4nia pautam o Encontro das C\u00e1ritas"},"content":{"rendered":"<div>As C\u00e1ritas do regional Norte 1 estiveram reunidas em Manaus, nos dias 14 e 15 de agosto, para \u201cmonitorar as a\u00e7\u00f5es C\u00e1ritas no primeiro semestre do ano\u201d, como reconhece Delires Brun, articuladora da Caritas regional Norte 1, permitindo ser conscientes dos avan\u00e7os, perspectivas e desafios. Participam representantes de Manaus, Itacoatiara, Borba, Parintins, Roraima, Coari, Tef\u00e9 e Alto Solim\u00f5es. Em muitas dessas dioceses e prelazias a organiza\u00e7\u00e3o da Caritas ainda est\u00e1 dando os primeiros passos.<\/div>\n<div><\/div>\n<div>\n<p>Nesta din\u00e2mica, \u00e9 importante refletir sobre a pr\u00f3pria organiza\u00e7\u00e3o da entidade que atualmente tem como lema: \u201cPastoralidade e Transforma\u00e7\u00e3o Social\u201d. Lu\u00eds Claudio Lopes da Silva (Mandela), secret\u00e1rio-executivo \u00a0da C\u00e1ritas Brasileira, apresentava as diferentes instancias, insistindo nas palavras recolhidas na miss\u00e3o institucional: \u201ctestemunhar e anunciar o Evangelho de Jesus Cristo, defendendo e promovendo toda forma de vida e participando da constru\u00e7\u00e3o solidaria da sociedade do bem viver, sinal do Reino de Deus, junto com as pessoas em situa\u00e7\u00e3o de vulnerabilidade e exclus\u00e3o social\u201d.<\/p>\n<p>Confira a <a href=\"http:\/\/cnbbnorte1.blogspot.com\/\">not\u00edcia na \u00edntegra<\/a>.<\/p>\n<p>&nbsp;<\/p>\n<\/div>\n<p>Fonte: CNBB<\/p>\n","protected":false},"excerpt":{"rendered":"<p>As C\u00e1ritas do regional Norte 1 estiveram reunidas em Manaus, nos dias 14 e 15 de agosto, para \u201cmonitorar as a\u00e7\u00f5es C\u00e1ritas no primeiro semestre do ano\u201d, como reconhece Delires Brun, articuladora da Caritas regional Norte 1, permitindo ser conscientes dos avan\u00e7os, perspectivas e desafios. Participam representantes de Manaus, Itacoatiara, Borba, Parintins, Roraima, Coari, Tef\u00e9 [&hellip;]<\/p>\n","protected":false},"author":1,"featured_media":43129,"comment_status":"open","ping_status":"closed","sticky":false,"template":"","format":"standard","meta":{"footnotes":""},"categories":[7],"tags":[],"class_list":["post-43128","post","type-post","status-publish","format-standard","has-post-thumbnail","hentry","category-cnbb"],"_links":{"self":[{"href":"https:\/\/catolicanet.net\/wp-cnet\/wp-json\/wp\/v2\/posts\/43128","targetHints":{"allow":["GET"]}}],"collection":[{"href":"https:\/\/catolicanet.net\/wp-cnet\/wp-json\/wp\/v2\/posts"}],"about":[{"href":"https:\/\/catolicanet.net\/wp-cnet\/wp-json\/wp\/v2\/types\/post"}],"author":[{"embeddable":true,"href":"https:\/\/catolicanet.net\/wp-cnet\/wp-json\/wp\/v2\/users\/1"}],"replies":[{"embeddable":true,"href":"https:\/\/catolicanet.net\/wp-cnet\/wp-json\/wp\/v2\/comments?post=43128"}],"version-history":[{"count":1,"href":"https:\/\/catolicanet.net\/wp-cnet\/wp-json\/wp\/v2\/posts\/43128\/revisions"}],"predecessor-version":[{"id":43130,"href":"https:\/\/catolicanet.net\/wp-cnet\/wp-json\/wp\/v2\/posts\/43128\/revisions\/43130"}],"wp:featuredmedia":[{"embeddable":true,"href":"https:\/\/catolicanet.net\/wp-cnet\/wp-json\/wp\/v2\/media\/43129"}],"wp:attachment":[{"href":"https:\/\/catolicanet.net\/wp-cnet\/wp-json\/wp\/v2\/media?parent=43128"}],"wp:term":[{"taxonomy":"category","embeddable":true,"href":"https:\/\/catolicanet.net\/wp-cnet\/wp-json\/wp\/v2\/categories?post=43128"},{"taxonomy":"post_tag","embeddable":true,"href":"https:\/\/catolicanet.net\/wp-cnet\/wp-json\/wp\/v2\/tags?post=43128"}],"curies":[{"name":"wp","href":"https:\/\/api.w.org\/{rel}","templated":true}]}}