{"id":43119,"date":"2018-08-17T11:20:13","date_gmt":"2018-08-17T14:20:13","guid":{"rendered":"http:\/\/catolicanet.net\/wp-cnet\/?p=43119"},"modified":"2018-08-17T11:20:13","modified_gmt":"2018-08-17T14:20:13","slug":"sacerdote-na-etiopia-quando-voce-e-fiel-a-vocacao-deus-o-protege","status":"publish","type":"post","link":"https:\/\/catolicanet.net\/wp-cnet\/sacerdote-na-etiopia-quando-voce-e-fiel-a-vocacao-deus-o-protege\/","title":{"rendered":"Sacerdote na Eti\u00f3pia &#8220;Quando voc\u00ea \u00e9 fiel \u00e0 voca\u00e7\u00e3o, Deus o protege&#8221;"},"content":{"rendered":"<p>MADRI, 17 Ago. 18 \/ 09:30 am (<a href=\"https:\/\/www.acidigital.com\" target=\"_self\">ACI<\/a>).- Pe. Paul Schneider \u00e9 um sacerdote da Diocese de Getafe, Madri (Espanha), que atualmente desenvolve o seu minist\u00e9rio na Eti\u00f3pia, onde vive h\u00e1 um ano como mission\u00e1rio; explicou como descobriu a sua voca\u00e7\u00e3o mission\u00e1ria e como enfrenta as dificuldades para a evangeliza\u00e7\u00e3o.<\/p>\n<p>&#8220;Um amigo militar tinha ficado muito impressionado com o trabalho de uma das religiosas mission\u00e1rias no Mali e me convidou para visitar essa comunidade. Eu comecei a dar um monte de desculpas, mas finalmente aceitei viajar uma semana. Ao chegar, algo tocou profundamente o meu cora\u00e7\u00e3o e, depois de falar com o meu Bispo, pedi para que me deixasse ir alguns meses&#8221;, explicou Pe. Schneider em uma entrevista ao Grupo <a href=\"https:\/\/www.acidigital.com\">ACI<\/a>.<\/p>\n<p>Esse foi o come\u00e7o da sua voca\u00e7\u00e3o mission\u00e1ria. Depois desta experi\u00eancia de miss\u00e3o no Mali, Pe. Schneider voltou para a sua par\u00f3quia em Villanueva da Ca\u00f1ada, uma cidade de Madri, para continuar com o trabalho sacerdotal que havia sido confiado a ele, como tinha previsto junto com o ent\u00e3o Bispo de Getafe, Dom Joaqu\u00edn L\u00f3pez-And\u00fajar.<\/p>\n<p>&#8220;Quando voltei para Madri, conheci Pe. Christopher Hartley, que \u00e9 mission\u00e1rio na Eti\u00f3pia. Conversando com ele, pediu para que o substitu\u00edsse durante um m\u00eas na miss\u00e3o neste pa\u00eds, porque precisavam de sacerdotes. Foi em 2016. Nos meus momentos de ora\u00e7\u00e3o, sentia que o Senhor me dizia &#8216;quero que voc\u00ea fique aqui&#8217;. Voltei para a Espanha, falei novamente com meu Bispo e contei tudo o que via e sentia. Ele me deu permiss\u00e3o durante um ano. Agora j\u00e1 terminou o ano e me permitiu ficar durante mais tempo&#8221;, assegura o sacerdote de 34 anos.<\/p>\n<div class=\"ad_inline\">\n<div id=\"div-gpt-ad-1472661422739-0\" data-google-query-id=\"CPXY45yj9NwCFZELDAodflcHFA\">\n<div id=\"google_ads_iframe_\/4493921\/ACI_D_Article_1_0__container__\"><iframe loading=\"lazy\" id=\"google_ads_iframe_\/4493921\/ACI_D_Article_1_0\" title=\"3rd party ad content\" src=\"https:\/\/tpc.googlesyndication.com\/safeframe\/1-0-29\/html\/container.html\" name=\"\" width=\"300\" height=\"250\" frameborder=\"0\" marginwidth=\"0\" marginheight=\"0\" scrolling=\"no\" data-is-safeframe=\"true\" data-mce-fragment=\"1\"><\/iframe><\/div>\n<\/div>\n<\/div>\n<p>\u201cOs estrangeiros na Eti\u00f3pia v\u00e3o fazer neg\u00f3cios e depois v\u00e3o embora. Por isso, quando voc\u00ea permanece e vive com eles, ficam surpresos e come\u00e7am a perguntar o que voc\u00ea faz. Explico que sou sacerdote da <a href=\"https:\/\/www.acidigital.com\/igreja\/index.html\">Igreja<\/a> Cat\u00f3lica e por isso que fico com eles\u201d, assegura.<\/p>\n<p>Os cat\u00f3licos na Eti\u00f3pia s\u00e3o minoria, n\u00e3o chagam a ser nem 1%. Aproximadamente a metade da popula\u00e7\u00e3o \u00e9 de crist\u00e3os ortodoxos e a outra metade \u00e9 mu\u00e7ulmana.<\/p>\n<p>Este jovem sacerdote explica que a sua experi\u00eancia como mission\u00e1rio na Eti\u00f3pia foi &#8220;um caminho interior&#8221;, que n\u00e3o est\u00e1 isento de dificuldades. Aprendeu o idioma local para se comunicar melhor com as comunidades et\u00edopes e, segundo afirma, &#8220;a simplicidade das pessoas&#8221; e &#8220;o trabalho da Igreja em todo o mundo&#8221; s\u00e3o as coisas que mais o impressionaram desde que chegou no local.<\/p>\n<p>&#8220;Na celebra\u00e7\u00e3o das Missas, as pessoas n\u00e3o olham para o rel\u00f3gio. S\u00e3o momentos longos de ora\u00e7\u00e3o que os fi\u00e9is vivem sem pressa. \u00c9 uma aut\u00eantica celebra\u00e7\u00e3o, cantam com o cora\u00e7\u00e3o, com todas as suas for\u00e7as e olham para o c\u00e9u. \u00c9 o seu modo de louvar a Deus, o seu modo de viver a f\u00e9. Al\u00e9m disso, sabem que a f\u00e9 inclui compromisso e esfor\u00e7o moral em sua <a href=\"https:\/\/www.acidigital.com\/vida\/index.html\">vida<\/a>&#8220;, assinala.<\/p>\n<p>Em seu trabalho pastoral, esse jovem sacerdote recorda com carinho especial o momento em que uma mulher moribunda pediu para que ele a batizasse na Igreja Cat\u00f3lica.<\/p>\n<p>&#8220;Era uma senhora de 40 anos, ela estava muito doente e a visitamos para acompanh\u00e1-la. Ela sabia que estava em seus \u00faltimos momentos e nos pediu para entrar na Igreja Cat\u00f3lica. Preparamos a celebra\u00e7\u00e3o de maneira muito simples, com coisas b\u00e1sicas, mas foi um momento muito bonito, muito pessoal. Tamb\u00e9m demos a un\u00e7\u00e3o dos enfermos e logo depois ela morreu\u201d, explica.<\/p>\n<p>Este jovem sacerdote assegura que grande parte da miss\u00e3o na Eti\u00f3pia tamb\u00e9m \u00e9 um &#8220;tempo de solid\u00e3o&#8221;, porque as comunidades cat\u00f3licas est\u00e3o muito dispersas. &#8220;\u00c9 um ambiente muito rural, mas desde o princ\u00edpio sentia que Deus me chamava a estar l\u00e1 com Ele para ser mais dele. Na ora\u00e7\u00e3o s\u00f3 lhe pergunto quem \u00e9 e o que quer de mim&#8221;, assinala.<\/p>\n<p>Mas assegura que, apesar da solid\u00e3o e das dificuldades, &#8220;no plano de Deus, quando \u00e9 fiel \u00e0 voca\u00e7\u00e3o, Ele o protege. Tanto na multid\u00e3o como em um deserto&#8221;.<\/p>\n<p>&#8220;O meu chamado me d\u00e1 confian\u00e7a, a minha rela\u00e7\u00e3o com Deus \u00e9 de amor na intimidade. E isso \u00e9 o que eu posso oferecer \u00e0s comunidades da Eti\u00f3pia&#8221;, sublinha.<\/p>\n<p>&nbsp;<\/p>\n<p>Fonte: Acidigital<\/p>\n","protected":false},"excerpt":{"rendered":"<p>MADRI, 17 Ago. 18 \/ 09:30 am (ACI).- Pe. Paul Schneider \u00e9 um sacerdote da Diocese de Getafe, Madri (Espanha), que atualmente desenvolve o seu minist\u00e9rio na Eti\u00f3pia, onde vive h\u00e1 um ano como mission\u00e1rio; explicou como descobriu a sua voca\u00e7\u00e3o mission\u00e1ria e como enfrenta as dificuldades para a evangeliza\u00e7\u00e3o. &#8220;Um amigo militar tinha ficado [&hellip;]<\/p>\n","protected":false},"author":1,"featured_media":43120,"comment_status":"open","ping_status":"closed","sticky":false,"template":"","format":"standard","meta":{"footnotes":""},"categories":[4],"tags":[],"class_list":["post-43119","post","type-post","status-publish","format-standard","has-post-thumbnail","hentry","category-cotidiano"],"_links":{"self":[{"href":"https:\/\/catolicanet.net\/wp-cnet\/wp-json\/wp\/v2\/posts\/43119","targetHints":{"allow":["GET"]}}],"collection":[{"href":"https:\/\/catolicanet.net\/wp-cnet\/wp-json\/wp\/v2\/posts"}],"about":[{"href":"https:\/\/catolicanet.net\/wp-cnet\/wp-json\/wp\/v2\/types\/post"}],"author":[{"embeddable":true,"href":"https:\/\/catolicanet.net\/wp-cnet\/wp-json\/wp\/v2\/users\/1"}],"replies":[{"embeddable":true,"href":"https:\/\/catolicanet.net\/wp-cnet\/wp-json\/wp\/v2\/comments?post=43119"}],"version-history":[{"count":1,"href":"https:\/\/catolicanet.net\/wp-cnet\/wp-json\/wp\/v2\/posts\/43119\/revisions"}],"predecessor-version":[{"id":43121,"href":"https:\/\/catolicanet.net\/wp-cnet\/wp-json\/wp\/v2\/posts\/43119\/revisions\/43121"}],"wp:featuredmedia":[{"embeddable":true,"href":"https:\/\/catolicanet.net\/wp-cnet\/wp-json\/wp\/v2\/media\/43120"}],"wp:attachment":[{"href":"https:\/\/catolicanet.net\/wp-cnet\/wp-json\/wp\/v2\/media?parent=43119"}],"wp:term":[{"taxonomy":"category","embeddable":true,"href":"https:\/\/catolicanet.net\/wp-cnet\/wp-json\/wp\/v2\/categories?post=43119"},{"taxonomy":"post_tag","embeddable":true,"href":"https:\/\/catolicanet.net\/wp-cnet\/wp-json\/wp\/v2\/tags?post=43119"}],"curies":[{"name":"wp","href":"https:\/\/api.w.org\/{rel}","templated":true}]}}