{"id":43113,"date":"2018-08-17T11:07:03","date_gmt":"2018-08-17T14:07:03","guid":{"rendered":"http:\/\/catolicanet.net\/wp-cnet\/?p=43113"},"modified":"2018-08-17T11:07:03","modified_gmt":"2018-08-17T14:07:03","slug":"editorial-defesa-de-deus-defesa-do-homem","status":"publish","type":"post","link":"https:\/\/catolicanet.net\/wp-cnet\/editorial-defesa-de-deus-defesa-do-homem\/","title":{"rendered":"Editorial: Defesa de Deus, defesa do homem"},"content":{"rendered":"<div class=\"post-content\">\n<p>Nos \u00faltimos anos temos escrito frequentemente sobre\u00a0a Igreja perseguida no <a href=\"https:\/\/www.acn.org.br\/images\/stories\/RLRM2016\/pDFs\/RLRM-2016-Iraque.pdf\" target=\"_blank\" rel=\"noopener\">Iraque<\/a> e na <a href=\"https:\/\/www.acn.org.br\/images\/stories\/RLRM2016\/pDFs\/RLRM-2016-Siria.pdf\" target=\"_blank\" rel=\"noopener\">S\u00edria<\/a>. Sim, \u00e9 l\u00e1 que o sofrimento \u00e9 maior; trata-se literalmente de quest\u00e3o de vida ou morte \u2013\u00a0 portanto, da sobreviv\u00eancia do cristianismo nesses pa\u00edses. Tamb\u00e9m \u00e9 grande o sofrimento na \u00cdndia, no Paquist\u00e3o, na Am\u00e9rica Latina, na \u00c1frica, na China.<\/p>\n<p>A necessidade material dos crist\u00e3os em todas essas regi\u00f5es do mundo muitas vezes impede que o Evangelho seja anunciado \u00e0s pessoas, impedindo-as de reconhecer a sua dignidade e voca\u00e7\u00e3o. Os pobres, em particular, quando negligenciados, ficam \u201cduplamente expostos ao abandono e a todo o tipo de perigo para a sua integridade\u201d, diz o Papa Francisco. Aliviar esta necessidade da Igreja e possibilitar a viv\u00eancia da f\u00e9 \u00e9 a nossa tarefa.<\/p>\n<p>Mas tamb\u00e9m h\u00e1 desgra\u00e7as nos pa\u00edses ricos. A perda da f\u00e9 e do relacionamento com Deus est\u00e1 corroendo sua base espiritual e cultural. O infort\u00fanio e as guerras sempre t\u00eam a ver com desordens espirituais. Afinal, quando se rejeita a re-liga\u00e7\u00e3o (religi\u00e3o) com Deus, os princ\u00edpios b\u00e1sicos de nossas vidas tornam-se confusos e se evaporam.<\/p>\n<h2 data-fontsize=\"30\" data-lineheight=\"39\">A mentalidade que destr\u00f3i a dignidade do homem<\/h2>\n<p>Quando o homem rejeita os preceitos de Deus e se define a si pr\u00f3prio, fica fechado em si mesmo. Os grandes debates\u00a0sobre a prote\u00e7\u00e3o da vida, o casamento e a fam\u00edlia t\u00eam a ver basicamente\u00a0com essa abertura para Deus. Nesse caso geralmente\u00a0n\u00e3o se trata de necessidade material, mas espiritual. Aqui, cada\u00a0um de n\u00f3s \u00e9 desafiado com seu testemunho e posicionamento\u00a0em rela\u00e7\u00e3o \u00e0 natureza do homem, em rela\u00e7\u00e3o ao plano de Deus\u00a0para o homem.<\/p>\n<p>Ideologia de g\u00eanero, <a href=\"https:\/\/www.acn.org.br\/palavra-viva\/aborto-o-novo-massacre-dos-inocentes\/\">aborto<\/a>, \u201ccasamento\u00a0para todos\u201d, eutan\u00e1sia, barriga\u00a0de aluguel s\u00e3o manipula\u00e7\u00f5es da natureza.\u00a0Manipula\u00e7\u00f5es das quais tanto nos\u00a0queixamos hoje em dia quando se trata\u00a0de meio ambiente. Essa mentalidade\u00a0destr\u00f3i a dignidade do homem. Afinal, esse \u00e9\u00a0o n\u00facleo da cultura da morte. O aborto\u00a0\u00e9 \u201co maior destruidor da paz\u201d, disse\u00a0Madre Teresa. No entanto, a educa\u00e7\u00e3o para a\u00a0paz come\u00e7a na fam\u00edlia. Nos pr\u00f3ximos\u00a0dias, dezenas de milhares de fam\u00edlias\u00a0se reunir\u00e3o no <strong>Encontro Mundial das\u00a0Fam\u00edlias<\/strong>, na Irlanda, para testemunhar\u00a0\u201cO Evangelho da Fam\u00edlia\u201d.<\/p>\n<p>A ACN\u00a0deseja que essa Boa Nova chegue a todas\u00a0as fam\u00edlias do mundo; por isso \u00e9 que apoiamos centenas de projetos de\u00a0apoio \u00e0 fam\u00edlia em todo o mundo. A civiliza\u00e7\u00e3o do amor precisa do nosso\u00a0compromisso, no Iraque, na S\u00edria, no\u00a0mundo inteiro; inclusive nos pa\u00edses\u00a0considerados ricos. Portanto, \u00e9 uma quest\u00e3o e\u00a0sobreviv\u00eancia. Se n\u00e3o protegermos e\u00a0apoiarmos crian\u00e7as, jovens, casais e\u00a0fam\u00edlias, as desgra\u00e7as arrancar\u00e3o os\u00a0fundamentos.<\/p>\n<p>Quem defende Deus defende o homem!<\/p>\n<p><img loading=\"lazy\" decoding=\"async\" class=\"alignleft wp-image-12182 size-full\" src=\"https:\/\/www.acn.org.br\/wp-content\/uploads\/2018\/08\/pADREmARTIN_130x152px.jpg\" alt=\"\" width=\"130\" height=\"152\" \/><\/p>\n<blockquote><p>Pe. Martin M. Barta<br \/>\nAssistente Eclesi\u00e1stico\u00a0Internacional<\/p><\/blockquote>\n<\/div>\n<p>&nbsp;<\/p>\n<p>&nbsp;<\/p>\n<p>Fonte: ACN<\/p>\n","protected":false},"excerpt":{"rendered":"<p>Nos \u00faltimos anos temos escrito frequentemente sobre\u00a0a Igreja perseguida no Iraque e na S\u00edria. Sim, \u00e9 l\u00e1 que o sofrimento \u00e9 maior; trata-se literalmente de quest\u00e3o de vida ou morte \u2013\u00a0 portanto, da sobreviv\u00eancia do cristianismo nesses pa\u00edses. Tamb\u00e9m \u00e9 grande o sofrimento na \u00cdndia, no Paquist\u00e3o, na Am\u00e9rica Latina, na \u00c1frica, na China. A [&hellip;]<\/p>\n","protected":false},"author":1,"featured_media":43114,"comment_status":"open","ping_status":"closed","sticky":false,"template":"","format":"standard","meta":{"footnotes":""},"categories":[4],"tags":[],"class_list":["post-43113","post","type-post","status-publish","format-standard","has-post-thumbnail","hentry","category-cotidiano"],"_links":{"self":[{"href":"https:\/\/catolicanet.net\/wp-cnet\/wp-json\/wp\/v2\/posts\/43113","targetHints":{"allow":["GET"]}}],"collection":[{"href":"https:\/\/catolicanet.net\/wp-cnet\/wp-json\/wp\/v2\/posts"}],"about":[{"href":"https:\/\/catolicanet.net\/wp-cnet\/wp-json\/wp\/v2\/types\/post"}],"author":[{"embeddable":true,"href":"https:\/\/catolicanet.net\/wp-cnet\/wp-json\/wp\/v2\/users\/1"}],"replies":[{"embeddable":true,"href":"https:\/\/catolicanet.net\/wp-cnet\/wp-json\/wp\/v2\/comments?post=43113"}],"version-history":[{"count":1,"href":"https:\/\/catolicanet.net\/wp-cnet\/wp-json\/wp\/v2\/posts\/43113\/revisions"}],"predecessor-version":[{"id":43115,"href":"https:\/\/catolicanet.net\/wp-cnet\/wp-json\/wp\/v2\/posts\/43113\/revisions\/43115"}],"wp:featuredmedia":[{"embeddable":true,"href":"https:\/\/catolicanet.net\/wp-cnet\/wp-json\/wp\/v2\/media\/43114"}],"wp:attachment":[{"href":"https:\/\/catolicanet.net\/wp-cnet\/wp-json\/wp\/v2\/media?parent=43113"}],"wp:term":[{"taxonomy":"category","embeddable":true,"href":"https:\/\/catolicanet.net\/wp-cnet\/wp-json\/wp\/v2\/categories?post=43113"},{"taxonomy":"post_tag","embeddable":true,"href":"https:\/\/catolicanet.net\/wp-cnet\/wp-json\/wp\/v2\/tags?post=43113"}],"curies":[{"name":"wp","href":"https:\/\/api.w.org\/{rel}","templated":true}]}}