{"id":43107,"date":"2018-08-17T10:44:15","date_gmt":"2018-08-17T13:44:15","guid":{"rendered":"http:\/\/catolicanet.net\/wp-cnet\/?p=43107"},"modified":"2018-08-17T10:44:15","modified_gmt":"2018-08-17T13:44:15","slug":"encontro-das-familias-missa-de-encerramento-e-desafio-inedito-para-organizadores","status":"publish","type":"post","link":"https:\/\/catolicanet.net\/wp-cnet\/encontro-das-familias-missa-de-encerramento-e-desafio-inedito-para-organizadores\/","title":{"rendered":"Encontro das Fam\u00edlias: Missa de encerramento \u00e9 desafio in\u00e9dito para organizadores"},"content":{"rendered":"<div class=\"article__subTitle\">Celebra\u00e7\u00e3o para meio milh\u00e3o de fi\u00e9is em Dublin \u00e9 o maior evento planejado para a Europa em 2018<\/div>\n<div class=\"title__separator\"><\/div>\n<div class=\"article__text\">\n<p><b>Rafael Pierobon, Dublin<\/b><\/p>\n<p>A missa de encerramento do Encontro Mundial das Fam\u00edlias, que ser\u00e1 presidida pelo Papa Francisco no domingo 26 de agosto, em Dublin, \u00e9 considerado o maior evento europeu do ano. Os 500 mil ingressos gratuitos se esgotaram em poucos dias de reserva on-line.<\/p>\n<p>Com n\u00fameros que saltam aos olhos, a Celebra\u00e7\u00e3o Eucar\u00edstica no Phoenix Park \u00e9 um desafio para os organizadores. \u201c\u00c9 uma missa para meio milh\u00e3o de fi\u00e9is, com milhares e milhares de volunt\u00e1rios, 4 mil cib\u00f3rios, mais de 3 mil pessoas no coral. Estamos sendo orientados pelo mestre de cerim\u00f4nia papal, que \u00e9 muito gentil e tem muita experi\u00eancia nessas grandes missas. Mas essa log\u00edstica \u00e9 algo que nunca vivi antes\u201d, revela o respons\u00e1vel pelo comit\u00ea lit\u00fargico do Encontro das Fam\u00edlias, padre Damian Mc Neice.<\/p>\n<p>A celebra\u00e7\u00e3o ser\u00e1 na \u00e1rea da Cruz Papal, onde S\u00e3o Jo\u00e3o Paulo II celebrou a Eucaristia com mais de 1,2 milh\u00e3o de pessoas em setembro de 1979, na \u00fanica viagem de um papa \u00e0 Irlanda. \u201cA \u00e1rea da Cruz Papal \u00e9 o lugar ideal para esse evento. O foco ser\u00e1 a cruz papal, mas ser\u00e1 incorporado um arco de 55 metros de largura, onde haver\u00e1 o presbit\u00e9rio de 19 metros de largura e 6 metros de altura\u201d, detalha padre Mc Neice.<\/p>\n<p>Com mais de 30 metros de altura, a cruz pode ser vista de qualquer parte do gramado onde a multid\u00e3o ficar\u00e1 durante a celebra\u00e7\u00e3o. As 500 mil pessoas ser\u00e3o divididas por \u00e1reas. Cada uma ter\u00e1 capacidade para 1.100 fi\u00e9is, que ter\u00e3o espa\u00e7o para se locomover e at\u00e9 para se aproximar dos corredores onde o Papa Francisco dever\u00e1 passar a bordo do papam\u00f3vel. Dezesseis tel\u00f5es e dezenas de alto-falantes de alta defini\u00e7\u00e3o ser\u00e3o instalados para facilitar a participa\u00e7\u00e3o dos fi\u00e9is na liturgia.<\/p>\n<h2>Paramentos foram revelados essa semana<\/h2>\n<p>Os paramentos que ser\u00e3o utilizados pelo Papa Francisco e pelos concelebrantes, bem como nas missas celebradas durante o congresso pastoral, foram confeccionados por um ateli\u00ea polon\u00eas e apresentados essa semana pelo comit\u00ea lit\u00fargico. \u201c No centro de cada casula est\u00e1 a espiral da Trindade, a mesma que pode ser vista no logo do Encontro Mundial. As tr\u00eas partes da espiral representam o mist\u00e9rio da Sant\u00edssima Trindade e tamb\u00e9m desenhos de imagens celtas, j\u00e1 que muitas espirais podem ser encontradas em pedras e monumentos antigos do passado da Irlanda\u201d, explica Damian Mc Neice.<\/p>\n<p>J\u00e1 a cruz do altar foi esculpida em madeira no s\u00e9culo 18 e estava sob os cuidados das irm\u00e3s carmelitas. \u201cOs desenhos esculpidos na frente e na parte de tr\u00e1s da cruz contam a hist\u00f3ria da paix\u00e3o e ressurrei\u00e7\u00e3o de Cristo\u201d, detalha padre Mc Neice.<\/p>\n<\/div>\n<p>&nbsp;<\/p>\n<p>Fonte: R\u00e1dio Vaticano<\/p>\n","protected":false},"excerpt":{"rendered":"<p>Celebra\u00e7\u00e3o para meio milh\u00e3o de fi\u00e9is em Dublin \u00e9 o maior evento planejado para a Europa em 2018 Rafael Pierobon, Dublin A missa de encerramento do Encontro Mundial das Fam\u00edlias, que ser\u00e1 presidida pelo Papa Francisco no domingo 26 de agosto, em Dublin, \u00e9 considerado o maior evento europeu do ano. Os 500 mil ingressos [&hellip;]<\/p>\n","protected":false},"author":1,"featured_media":43108,"comment_status":"open","ping_status":"closed","sticky":false,"template":"","format":"standard","meta":{"footnotes":""},"categories":[3],"tags":[],"class_list":["post-43107","post","type-post","status-publish","format-standard","has-post-thumbnail","hentry","category-vaticano"],"_links":{"self":[{"href":"https:\/\/catolicanet.net\/wp-cnet\/wp-json\/wp\/v2\/posts\/43107","targetHints":{"allow":["GET"]}}],"collection":[{"href":"https:\/\/catolicanet.net\/wp-cnet\/wp-json\/wp\/v2\/posts"}],"about":[{"href":"https:\/\/catolicanet.net\/wp-cnet\/wp-json\/wp\/v2\/types\/post"}],"author":[{"embeddable":true,"href":"https:\/\/catolicanet.net\/wp-cnet\/wp-json\/wp\/v2\/users\/1"}],"replies":[{"embeddable":true,"href":"https:\/\/catolicanet.net\/wp-cnet\/wp-json\/wp\/v2\/comments?post=43107"}],"version-history":[{"count":1,"href":"https:\/\/catolicanet.net\/wp-cnet\/wp-json\/wp\/v2\/posts\/43107\/revisions"}],"predecessor-version":[{"id":43109,"href":"https:\/\/catolicanet.net\/wp-cnet\/wp-json\/wp\/v2\/posts\/43107\/revisions\/43109"}],"wp:featuredmedia":[{"embeddable":true,"href":"https:\/\/catolicanet.net\/wp-cnet\/wp-json\/wp\/v2\/media\/43108"}],"wp:attachment":[{"href":"https:\/\/catolicanet.net\/wp-cnet\/wp-json\/wp\/v2\/media?parent=43107"}],"wp:term":[{"taxonomy":"category","embeddable":true,"href":"https:\/\/catolicanet.net\/wp-cnet\/wp-json\/wp\/v2\/categories?post=43107"},{"taxonomy":"post_tag","embeddable":true,"href":"https:\/\/catolicanet.net\/wp-cnet\/wp-json\/wp\/v2\/tags?post=43107"}],"curies":[{"name":"wp","href":"https:\/\/api.w.org\/{rel}","templated":true}]}}