{"id":43101,"date":"2018-08-17T10:06:01","date_gmt":"2018-08-17T13:06:01","guid":{"rendered":"http:\/\/catolicanet.net\/wp-cnet\/?p=43101"},"modified":"2018-08-17T10:06:01","modified_gmt":"2018-08-17T13:06:01","slug":"regional-sul-4-da-cnbb-se-prepara-para-a-assembleia-de-pastoral","status":"publish","type":"post","link":"https:\/\/catolicanet.net\/wp-cnet\/regional-sul-4-da-cnbb-se-prepara-para-a-assembleia-de-pastoral\/","title":{"rendered":"Regional Sul 4 da CNBB se prepara para a Assembleia de Pastoral"},"content":{"rendered":"<p>O secretariado de pastoral do Regional Sul 4 da Confer\u00eancia Nacional dos Bispos do Brasil (CNBB), est\u00e1 em ritmo acelerado na prepara\u00e7\u00e3o da 51\u00aa Assembleia Regional de Pastoral, que ter\u00e1 como tema \u2018Anima\u00e7\u00e3o b\u00edblica \u2013 Igreja: lugar da anima\u00e7\u00e3o da vida e da pastoral\u2019 . O evento ser\u00e1 realizado nos dias 24 e 25 de agosto no Centro de Forma\u00e7\u00e3o Cat\u00f3lica em Lages (SC) e reunir\u00e1 todo o episcopado catarinense, coordenadores diocesanos da A\u00e7\u00e3o Evangelizadora, ec\u00f4nomos das dioceses e coordenadores estaduais de pastorais, movimentos, organismos e servi\u00e7os.\u00a0Assembleia Regional de Pastoral tem a fun\u00e7\u00e3o de dar continuidade na execu\u00e7\u00e3o do Plano Regional de Pastoral (2015-2019) e de discutir temas atuais referentes aos \u00e2mbitos sociais e eclesiais que a Igreja em Santa Catarina vive na atualidade.<\/p>\n<p>A not\u00edcia completa voc\u00ea confere no site do<a href=\"http:\/\/cnbbsul4.org.br\/2018\/08\/08\/comunhao-regional-sul-4-da-cnbb-se-prepara-para-a-assembleia-de-pastoral\/\"><strong> Regional Sul 4 da CNBB<\/strong><\/a><\/p>\n<p>&nbsp;<\/p>\n<p>Fonte: CNBB<\/p>\n","protected":false},"excerpt":{"rendered":"<p>O secretariado de pastoral do Regional Sul 4 da Confer\u00eancia Nacional dos Bispos do Brasil (CNBB), est\u00e1 em ritmo acelerado na prepara\u00e7\u00e3o da 51\u00aa Assembleia Regional de Pastoral, que ter\u00e1 como tema \u2018Anima\u00e7\u00e3o b\u00edblica \u2013 Igreja: lugar da anima\u00e7\u00e3o da vida e da pastoral\u2019 . O evento ser\u00e1 realizado nos dias 24 e 25 de [&hellip;]<\/p>\n","protected":false},"author":1,"featured_media":43102,"comment_status":"open","ping_status":"closed","sticky":false,"template":"","format":"standard","meta":{"footnotes":""},"categories":[13],"tags":[],"class_list":["post-43101","post","type-post","status-publish","format-standard","has-post-thumbnail","hentry","category-featured"],"_links":{"self":[{"href":"https:\/\/catolicanet.net\/wp-cnet\/wp-json\/wp\/v2\/posts\/43101","targetHints":{"allow":["GET"]}}],"collection":[{"href":"https:\/\/catolicanet.net\/wp-cnet\/wp-json\/wp\/v2\/posts"}],"about":[{"href":"https:\/\/catolicanet.net\/wp-cnet\/wp-json\/wp\/v2\/types\/post"}],"author":[{"embeddable":true,"href":"https:\/\/catolicanet.net\/wp-cnet\/wp-json\/wp\/v2\/users\/1"}],"replies":[{"embeddable":true,"href":"https:\/\/catolicanet.net\/wp-cnet\/wp-json\/wp\/v2\/comments?post=43101"}],"version-history":[{"count":1,"href":"https:\/\/catolicanet.net\/wp-cnet\/wp-json\/wp\/v2\/posts\/43101\/revisions"}],"predecessor-version":[{"id":43103,"href":"https:\/\/catolicanet.net\/wp-cnet\/wp-json\/wp\/v2\/posts\/43101\/revisions\/43103"}],"wp:featuredmedia":[{"embeddable":true,"href":"https:\/\/catolicanet.net\/wp-cnet\/wp-json\/wp\/v2\/media\/43102"}],"wp:attachment":[{"href":"https:\/\/catolicanet.net\/wp-cnet\/wp-json\/wp\/v2\/media?parent=43101"}],"wp:term":[{"taxonomy":"category","embeddable":true,"href":"https:\/\/catolicanet.net\/wp-cnet\/wp-json\/wp\/v2\/categories?post=43101"},{"taxonomy":"post_tag","embeddable":true,"href":"https:\/\/catolicanet.net\/wp-cnet\/wp-json\/wp\/v2\/tags?post=43101"}],"curies":[{"name":"wp","href":"https:\/\/api.w.org\/{rel}","templated":true}]}}