{"id":43075,"date":"2018-08-16T13:09:57","date_gmt":"2018-08-16T16:09:57","guid":{"rendered":"http:\/\/catolicanet.net\/wp-cnet\/?p=43075"},"modified":"2018-08-16T13:09:57","modified_gmt":"2018-08-16T16:09:57","slug":"arquidiocese-reune-agentes-paroquiais-da-pascom-em-oficina-de-radio","status":"publish","type":"post","link":"https:\/\/catolicanet.net\/wp-cnet\/arquidiocese-reune-agentes-paroquiais-da-pascom-em-oficina-de-radio\/","title":{"rendered":"Arquidiocese re\u00fane agentes paroquiais da Pascom em oficina de r\u00e1dio"},"content":{"rendered":"<p>A Comiss\u00e3o Arquidiocesana da Pastoral da Comunica\u00e7\u00e3o da arquidiocese de Olinda e Recife (PE) promoveu no \u00faltimo s\u00e1bado, 11 de agosto, uma oficina para os agentes paroquiais da Pastoral da Comunica\u00e7\u00e3o (Pascom). A forma\u00e7\u00e3o buscou habilitar os agentes da Pascom a se tornarem correspondentes da R\u00e1dio Olinda, adequando as not\u00edcias das par\u00f3quias no formato e na linguagem radiojornal\u00edsticos.<\/p>\n<p>O encontro tamb\u00e9m teve como objetivo promover a unidade das a\u00e7\u00f5es evangelizadoras da Igreja no territ\u00f3rio da arquidiocese, utilizando o potencial das equipes da Pascom nas paroquias para anunciar o Reino de Deus.<\/p>\n<p><a href=\"http:\/\/cnbbne2.org.br\/arquidiocese-promove-oficina-para-agentes-da-pascom-na-radio-olinda\/\">Leia a not\u00edcia completa.\u00a0<\/a><\/p>\n<p>&nbsp;<\/p>\n<p>Fonte: CNBB<\/p>\n","protected":false},"excerpt":{"rendered":"<p>A Comiss\u00e3o Arquidiocesana da Pastoral da Comunica\u00e7\u00e3o da arquidiocese de Olinda e Recife (PE) promoveu no \u00faltimo s\u00e1bado, 11 de agosto, uma oficina para os agentes paroquiais da Pastoral da Comunica\u00e7\u00e3o (Pascom). A forma\u00e7\u00e3o buscou habilitar os agentes da Pascom a se tornarem correspondentes da R\u00e1dio Olinda, adequando as not\u00edcias das par\u00f3quias no formato e [&hellip;]<\/p>\n","protected":false},"author":1,"featured_media":43076,"comment_status":"open","ping_status":"closed","sticky":false,"template":"","format":"standard","meta":{"footnotes":""},"categories":[7],"tags":[],"class_list":["post-43075","post","type-post","status-publish","format-standard","has-post-thumbnail","hentry","category-cnbb"],"_links":{"self":[{"href":"https:\/\/catolicanet.net\/wp-cnet\/wp-json\/wp\/v2\/posts\/43075","targetHints":{"allow":["GET"]}}],"collection":[{"href":"https:\/\/catolicanet.net\/wp-cnet\/wp-json\/wp\/v2\/posts"}],"about":[{"href":"https:\/\/catolicanet.net\/wp-cnet\/wp-json\/wp\/v2\/types\/post"}],"author":[{"embeddable":true,"href":"https:\/\/catolicanet.net\/wp-cnet\/wp-json\/wp\/v2\/users\/1"}],"replies":[{"embeddable":true,"href":"https:\/\/catolicanet.net\/wp-cnet\/wp-json\/wp\/v2\/comments?post=43075"}],"version-history":[{"count":1,"href":"https:\/\/catolicanet.net\/wp-cnet\/wp-json\/wp\/v2\/posts\/43075\/revisions"}],"predecessor-version":[{"id":43077,"href":"https:\/\/catolicanet.net\/wp-cnet\/wp-json\/wp\/v2\/posts\/43075\/revisions\/43077"}],"wp:featuredmedia":[{"embeddable":true,"href":"https:\/\/catolicanet.net\/wp-cnet\/wp-json\/wp\/v2\/media\/43076"}],"wp:attachment":[{"href":"https:\/\/catolicanet.net\/wp-cnet\/wp-json\/wp\/v2\/media?parent=43075"}],"wp:term":[{"taxonomy":"category","embeddable":true,"href":"https:\/\/catolicanet.net\/wp-cnet\/wp-json\/wp\/v2\/categories?post=43075"},{"taxonomy":"post_tag","embeddable":true,"href":"https:\/\/catolicanet.net\/wp-cnet\/wp-json\/wp\/v2\/tags?post=43075"}],"curies":[{"name":"wp","href":"https:\/\/api.w.org\/{rel}","templated":true}]}}